{"id":15385,"date":"2023-03-06T19:04:14","date_gmt":"2023-03-06T17:04:14","guid":{"rendered":"https:\/\/mon.uvic.cat\/butlleti-recerca\/?p=15385"},"modified":"2023-03-27T17:44:35","modified_gmt":"2023-03-27T15:44:35","slug":"primary-and-community-care-transformation-in-post-covid-era-nationwide-general-practitioner-survey","status":"publish","type":"post","link":"https:\/\/mon.uvic.cat\/butlleti-recerca\/2023\/03\/06\/primary-and-community-care-transformation-in-post-covid-era-nationwide-general-practitioner-survey\/","title":{"rendered":"Primary and Community Care Transformation in Post-COVID Era: Nationwide General Practitioner Survey"},"content":{"rendered":"<ul>\n<li>Solanes-Cab\u00fas, M., Paredes, E., Lim\u00f3n, E., Basora, J., Alarc\u00f3n, I., Veganzones, I., . . . Sis\u00f3-Almirall, A. (2023). Primary and Community Care Transformation in Post-COVID Era: Nationwide General Practitioner Survey. <em>International Journal of Environmental Research and Public Health<\/em>, 20(2). <a href=\"https:\/\/doi.org\/10.3390\/ijerph20021600\" target=\"_blank\" rel=\"noopener\">https:\/\/doi.org\/10.3390\/ijerph20021600<\/a><\/li>\n<\/ul>\n","protected":false},"excerpt":{"rendered":"<p>Solanes-Cab\u00fas, M., Paredes, E., Lim\u00f3n, E., Basora, J., Alarc\u00f3n, I., Veganzones, I., . . . Sis\u00f3-Almirall, A. (2023). Primary and &hellip; <a href=\"https:\/\/mon.uvic.cat\/butlleti-recerca\/2023\/03\/06\/primary-and-community-care-transformation-in-post-covid-era-nationwide-general-practitioner-survey\/\">Read More<\/a><\/p>\n","protected":false},"author":430,"featured_media":0,"comment_status":"open","ping_status":"open","sticky":false,"template":"","format":"standard","meta":{"_price":"","_stock":"","_tribe_ticket_header":"","_tribe_default_ticket_provider":"","_tribe_ticket_capacity":"0","_ticket_start_date":"","_ticket_end_date":"","_tribe_ticket_show_description":"","_tribe_ticket_show_not_going":false,"_tribe_ticket_use_global_stock":"","_tribe_ticket_global_stock_level":"","_global_stock_mode":"","_global_stock_cap":"","_tribe_rsvp_for_event":"","_tribe_ticket_going_count":"","_tribe_ticket_not_going_count":"","_tribe_tickets_list":"[]","_tribe_ticket_has_attendee_info_fields":false,"jetpack_post_was_ever_published":false,"_jetpack_newsletter_access":"","_jetpack_dont_email_post_to_subs":false,"_jetpack_newsletter_tier_id":0,"_jetpack_memberships_contains_paywalled_content":false,"_jetpack_memberships_contains_paid_content":false,"footnotes":"","jetpack_publicize_message":"","jetpack_publicize_feature_enabled":true,"jetpack_social_post_already_shared":false,"jetpack_social_options":{"image_generator_settings":{"template":"highway","default_image_id":0,"font":"","enabled":false},"version":2}},"categories":[4],"tags":[],"class_list":["post-15385","post","type-post","status-publish","format-standard","hentry","category-publicacions"],"jetpack_publicize_connections":[],"jetpack_featured_media_url":"","jetpack_sharing_enabled":true,"jetpack_shortlink":"https:\/\/wp.me\/paCdMn-409","publishpress_future_action":{"enabled":false,"date":"2026-05-04 18:23:54","action":"change-status","newStatus":"trash","terms":[],"taxonomy":"category","extraData":[]},"publishpress_future_workflow_manual_trigger":{"enabledWorkflows":[]},"_links":{"self":[{"href":"https:\/\/mon.uvic.cat\/butlleti-recerca\/wp-json\/wp\/v2\/posts\/15385","targetHints":{"allow":["GET"]}}],"collection":[{"href":"https:\/\/mon.uvic.cat\/butlleti-recerca\/wp-json\/wp\/v2\/posts"}],"about":[{"href":"https:\/\/mon.uvic.cat\/butlleti-recerca\/wp-json\/wp\/v2\/types\/post"}],"author":[{"embeddable":true,"href":"https:\/\/mon.uvic.cat\/butlleti-recerca\/wp-json\/wp\/v2\/users\/430"}],"replies":[{"embeddable":true,"href":"https:\/\/mon.uvic.cat\/butlleti-recerca\/wp-json\/wp\/v2\/comments?post=15385"}],"version-history":[{"count":1,"href":"https:\/\/mon.uvic.cat\/butlleti-recerca\/wp-json\/wp\/v2\/posts\/15385\/revisions"}],"predecessor-version":[{"id":15386,"href":"https:\/\/mon.uvic.cat\/butlleti-recerca\/wp-json\/wp\/v2\/posts\/15385\/revisions\/15386"}],"wp:attachment":[{"href":"https:\/\/mon.uvic.cat\/butlleti-recerca\/wp-json\/wp\/v2\/media?parent=15385"}],"wp:term":[{"taxonomy":"category","embeddable":true,"href":"https:\/\/mon.uvic.cat\/butlleti-recerca\/wp-json\/wp\/v2\/categories?post=15385"},{"taxonomy":"post_tag","embeddable":true,"href":"https:\/\/mon.uvic.cat\/butlleti-recerca\/wp-json\/wp\/v2\/tags?post=15385"}],"curies":[{"name":"wp","href":"https:\/\/api.w.org\/{rel}","templated":true}]}}