{"id":15293,"date":"2023-02-27T18:20:00","date_gmt":"2023-02-27T16:20:00","guid":{"rendered":"https:\/\/mon.uvic.cat\/butlleti-recerca\/?p=15293"},"modified":"2023-02-27T18:20:00","modified_gmt":"2023-02-27T16:20:00","slug":"probiotic-effects-on-immunity-and-microbiome-in-hiv-1-discordant-patients","status":"publish","type":"post","link":"https:\/\/mon.uvic.cat\/butlleti-recerca\/2023\/02\/27\/probiotic-effects-on-immunity-and-microbiome-in-hiv-1-discordant-patients\/","title":{"rendered":"Probiotic effects on immunity and microbiome in HIV-1 discordant patients"},"content":{"rendered":"<ul>\n<li>Bl\u00e1zquez-Bondia, C., Parera, M., Catal\u00e0-Moll, F., Casadell\u00e0, M., Elizalde-Torrent, A., Aguil\u00f3, M., . . . Paredes, R., Noguera-Juli\u00e1n, M. (2022). Probiotic effects on immunity and microbiome in HIV-1 discordant patients. <em>Frontiers in Immunology<\/em>, 13, Article 1066036.<a href=\"https:\/\/doi.org\/10.3389\/fimmu.2022.1066036\" target=\"_blank\" rel=\"noopener\"> https:\/\/doi.org\/10.3389\/fimmu.2022.1066036<\/a><\/li>\n<\/ul>\n","protected":false},"excerpt":{"rendered":"<p>Bl\u00e1zquez-Bondia, C., Parera, M., Catal\u00e0-Moll, F., Casadell\u00e0, M., Elizalde-Torrent, A., Aguil\u00f3, M., . . . Paredes, R., Noguera-Juli\u00e1n, M. (2022). &hellip; <a href=\"https:\/\/mon.uvic.cat\/butlleti-recerca\/2023\/02\/27\/probiotic-effects-on-immunity-and-microbiome-in-hiv-1-discordant-patients\/\">Read More<\/a><\/p>\n","protected":false},"author":430,"featured_media":0,"comment_status":"open","ping_status":"open","sticky":false,"template":"","format":"standard","meta":{"_price":"","_stock":"","_tribe_ticket_header":"","_tribe_default_ticket_provider":"","_tribe_ticket_capacity":"0","_ticket_start_date":"","_ticket_end_date":"","_tribe_ticket_show_description":"","_tribe_ticket_show_not_going":false,"_tribe_ticket_use_global_stock":"","_tribe_ticket_global_stock_level":"","_global_stock_mode":"","_global_stock_cap":"","_tribe_rsvp_for_event":"","_tribe_ticket_going_count":"","_tribe_ticket_not_going_count":"","_tribe_tickets_list":"[]","_tribe_ticket_has_attendee_info_fields":false,"jetpack_post_was_ever_published":false,"_jetpack_newsletter_access":"","_jetpack_dont_email_post_to_subs":false,"_jetpack_newsletter_tier_id":0,"_jetpack_memberships_contains_paywalled_content":false,"_jetpack_memberships_contains_paid_content":false,"footnotes":"","jetpack_publicize_message":"","jetpack_publicize_feature_enabled":true,"jetpack_social_post_already_shared":false,"jetpack_social_options":{"image_generator_settings":{"template":"highway","default_image_id":0,"font":"","enabled":false},"version":2}},"categories":[4],"tags":[],"class_list":["post-15293","post","type-post","status-publish","format-standard","hentry","category-publicacions"],"jetpack_publicize_connections":[],"jetpack_featured_media_url":"","jetpack_sharing_enabled":true,"jetpack_shortlink":"https:\/\/wp.me\/paCdMn-3YF","publishpress_future_action":{"enabled":false,"date":"2026-05-04 16:55:21","action":"change-status","newStatus":"trash","terms":[],"taxonomy":"category","extraData":[]},"publishpress_future_workflow_manual_trigger":{"enabledWorkflows":[]},"_links":{"self":[{"href":"https:\/\/mon.uvic.cat\/butlleti-recerca\/wp-json\/wp\/v2\/posts\/15293","targetHints":{"allow":["GET"]}}],"collection":[{"href":"https:\/\/mon.uvic.cat\/butlleti-recerca\/wp-json\/wp\/v2\/posts"}],"about":[{"href":"https:\/\/mon.uvic.cat\/butlleti-recerca\/wp-json\/wp\/v2\/types\/post"}],"author":[{"embeddable":true,"href":"https:\/\/mon.uvic.cat\/butlleti-recerca\/wp-json\/wp\/v2\/users\/430"}],"replies":[{"embeddable":true,"href":"https:\/\/mon.uvic.cat\/butlleti-recerca\/wp-json\/wp\/v2\/comments?post=15293"}],"version-history":[{"count":1,"href":"https:\/\/mon.uvic.cat\/butlleti-recerca\/wp-json\/wp\/v2\/posts\/15293\/revisions"}],"predecessor-version":[{"id":15294,"href":"https:\/\/mon.uvic.cat\/butlleti-recerca\/wp-json\/wp\/v2\/posts\/15293\/revisions\/15294"}],"wp:attachment":[{"href":"https:\/\/mon.uvic.cat\/butlleti-recerca\/wp-json\/wp\/v2\/media?parent=15293"}],"wp:term":[{"taxonomy":"category","embeddable":true,"href":"https:\/\/mon.uvic.cat\/butlleti-recerca\/wp-json\/wp\/v2\/categories?post=15293"},{"taxonomy":"post_tag","embeddable":true,"href":"https:\/\/mon.uvic.cat\/butlleti-recerca\/wp-json\/wp\/v2\/tags?post=15293"}],"curies":[{"name":"wp","href":"https:\/\/api.w.org\/{rel}","templated":true}]}}