{"id":14902,"date":"2023-02-06T18:08:32","date_gmt":"2023-02-06T16:08:32","guid":{"rendered":"https:\/\/mon.uvic.cat\/butlleti-recerca\/?p=14902"},"modified":"2023-02-20T19:08:40","modified_gmt":"2023-02-20T17:08:40","slug":"principales-causas-de-muerte-por-accidentes-de-avalanchas-en-el-pirineo-de-cataluna-revision-de-50-anos","status":"publish","type":"post","link":"https:\/\/mon.uvic.cat\/butlleti-recerca\/2023\/02\/06\/principales-causas-de-muerte-por-accidentes-de-avalanchas-en-el-pirineo-de-cataluna-revision-de-50-anos\/","title":{"rendered":"Principales causas de muerte por accidentes de avalanchas en el Pirineo de Catalu\u00f1a: revisi\u00f3n de 50 a\u00f1os"},"content":{"rendered":"<ul>\n<li>Mart\u00ednez, \u00cd. S., Ayala, M., Casades\u00fas, J. M., Dom\u00e8nech, G. M., Trull\u00e0s, J. C., &amp; Mari\u00f1o, R. B. (2022). Principales causas de muerte por accidentes de avalanchas en el Pirineo de Catalu\u00f1a: revisi\u00f3n de 50 a\u00f1os. <em>Emergencias<\/em>, 34(6), 483-485. <a href=\"https:\/\/tuit.cat\/2K00P\" target=\"_blank\" rel=\"noopener\">https:\/\/tuit.cat\/2K00P <\/a>(Note)<\/li>\n<\/ul>\n<p>&nbsp;<\/p>\n","protected":false},"excerpt":{"rendered":"<p>Mart\u00ednez, \u00cd. S., Ayala, M., Casades\u00fas, J. M., Dom\u00e8nech, G. M., Trull\u00e0s, J. C., &amp; Mari\u00f1o, R. B. (2022). Principales &hellip; <a href=\"https:\/\/mon.uvic.cat\/butlleti-recerca\/2023\/02\/06\/principales-causas-de-muerte-por-accidentes-de-avalanchas-en-el-pirineo-de-cataluna-revision-de-50-anos\/\">Read More<\/a><\/p>\n","protected":false},"author":430,"featured_media":0,"comment_status":"open","ping_status":"open","sticky":false,"template":"","format":"standard","meta":{"_price":"","_stock":"","_tribe_ticket_header":"","_tribe_default_ticket_provider":"","_tribe_ticket_capacity":"0","_ticket_start_date":"","_ticket_end_date":"","_tribe_ticket_show_description":"","_tribe_ticket_show_not_going":false,"_tribe_ticket_use_global_stock":"","_tribe_ticket_global_stock_level":"","_global_stock_mode":"","_global_stock_cap":"","_tribe_rsvp_for_event":"","_tribe_ticket_going_count":"","_tribe_ticket_not_going_count":"","_tribe_tickets_list":"[]","_tribe_ticket_has_attendee_info_fields":false,"jetpack_post_was_ever_published":false,"_jetpack_newsletter_access":"","_jetpack_dont_email_post_to_subs":false,"_jetpack_newsletter_tier_id":0,"_jetpack_memberships_contains_paywalled_content":false,"_jetpack_memberships_contains_paid_content":false,"footnotes":"","jetpack_publicize_message":"","jetpack_publicize_feature_enabled":true,"jetpack_social_post_already_shared":false,"jetpack_social_options":{"image_generator_settings":{"template":"highway","default_image_id":0,"font":"","enabled":false},"version":2}},"categories":[4],"tags":[],"class_list":["post-14902","post","type-post","status-publish","format-standard","hentry","category-publicacions"],"jetpack_publicize_connections":[],"jetpack_featured_media_url":"","jetpack_sharing_enabled":true,"jetpack_shortlink":"https:\/\/wp.me\/paCdMn-3Sm","publishpress_future_action":{"enabled":false,"date":"2026-05-04 17:08:46","action":"change-status","newStatus":"trash","terms":[],"taxonomy":"category","extraData":[]},"publishpress_future_workflow_manual_trigger":{"enabledWorkflows":[]},"_links":{"self":[{"href":"https:\/\/mon.uvic.cat\/butlleti-recerca\/wp-json\/wp\/v2\/posts\/14902","targetHints":{"allow":["GET"]}}],"collection":[{"href":"https:\/\/mon.uvic.cat\/butlleti-recerca\/wp-json\/wp\/v2\/posts"}],"about":[{"href":"https:\/\/mon.uvic.cat\/butlleti-recerca\/wp-json\/wp\/v2\/types\/post"}],"author":[{"embeddable":true,"href":"https:\/\/mon.uvic.cat\/butlleti-recerca\/wp-json\/wp\/v2\/users\/430"}],"replies":[{"embeddable":true,"href":"https:\/\/mon.uvic.cat\/butlleti-recerca\/wp-json\/wp\/v2\/comments?post=14902"}],"version-history":[{"count":3,"href":"https:\/\/mon.uvic.cat\/butlleti-recerca\/wp-json\/wp\/v2\/posts\/14902\/revisions"}],"predecessor-version":[{"id":14941,"href":"https:\/\/mon.uvic.cat\/butlleti-recerca\/wp-json\/wp\/v2\/posts\/14902\/revisions\/14941"}],"wp:attachment":[{"href":"https:\/\/mon.uvic.cat\/butlleti-recerca\/wp-json\/wp\/v2\/media?parent=14902"}],"wp:term":[{"taxonomy":"category","embeddable":true,"href":"https:\/\/mon.uvic.cat\/butlleti-recerca\/wp-json\/wp\/v2\/categories?post=14902"},{"taxonomy":"post_tag","embeddable":true,"href":"https:\/\/mon.uvic.cat\/butlleti-recerca\/wp-json\/wp\/v2\/tags?post=14902"}],"curies":[{"name":"wp","href":"https:\/\/api.w.org\/{rel}","templated":true}]}}