{"id":14748,"date":"2023-01-23T17:46:22","date_gmt":"2023-01-23T15:46:22","guid":{"rendered":"https:\/\/mon.uvic.cat\/butlleti-recerca\/?p=14748"},"modified":"2023-01-23T18:26:49","modified_gmt":"2023-01-23T16:26:49","slug":"la-uvic-ucc-arriba-a-les-200-tesis-a-tdx","status":"publish","type":"post","link":"https:\/\/mon.uvic.cat\/butlleti-recerca\/2023\/01\/23\/la-uvic-ucc-arriba-a-les-200-tesis-a-tdx\/","title":{"rendered":"La UVic-UCC arriba a les 200 tesis a TDX"},"content":{"rendered":"<p>La Universitat de Vic &#8211; Universitat Central de Catalunya (<a href=\"https:\/\/www.uvic.cat\/\" target=\"_blank\" rel=\"noopener\">UVic-UCC<\/a>) ha afegit la tesi n\u00famero 200 al repositori de Tesis Doctorals en Xarxa (<a href=\"https:\/\/www.tdx.cat\/\" target=\"_blank\" rel=\"noopener\">TDX<\/a>). El treball doctoral gira al voltant de la sarcop\u00e8nia o p\u00e8rdua de for\u00e7a muscular progressiva en persones grans de cinc resid\u00e8ncies geri\u00e0triques d&#8217;Osona entre l&#8217;octubre de 2019 i el febrer de 2020.<\/p>\n<p>L&#8217;estudi, escrit per Anna Escrib\u00e0 i Salvans, verifica la prevalen\u00e7a, els factors associats de sarcop\u00e8nia i el grau de severitat segons els criteris de l&#8217;<em>European Working Group on Sarcopenia in Older People 2<\/em>\u00a0(EWGSOP2) i identifica els factors predictius de mortalitat en persones grans institucionalitzades al cap de dos anys.<\/p>\n<p>La tesi &#8220;<a href=\"http:\/\/hdl.handle.net\/10803\/687370\" target=\"_blank\" rel=\"noopener\">Sarcop\u00e8nia en residents geri\u00e0trics d&#8217;Osona segons els criteris de l&#8217;European Working Group on Sarcopenia in Older People 2: Estudi observacional<\/a>&#8220;, escrita al marc del Programa de doctorat de Cures Integrals i Serveis de la Salut de la UVic-UCC es pot consultar en obert a TDX.<\/p>\n<p><strong>Font<\/strong>: <a href=\"https:\/\/www.csuc.cat\/ca\/noticia\/la-uvic-ucc-arriba-les-200-tesis-tdx\" target=\"_blank\" rel=\"noopener\">CSUC<\/a>, 23\/01\/2023<\/p>\n","protected":false},"excerpt":{"rendered":"<p>La Universitat de Vic &#8211; Universitat Central de Catalunya (UVic-UCC) ha afegit la tesi n\u00famero 200 al repositori de Tesis &hellip; <a href=\"https:\/\/mon.uvic.cat\/butlleti-recerca\/2023\/01\/23\/la-uvic-ucc-arriba-a-les-200-tesis-a-tdx\/\">Read More<\/a><\/p>\n","protected":false},"author":430,"featured_media":14749,"comment_status":"open","ping_status":"open","sticky":false,"template":"","format":"standard","meta":{"_price":"","_stock":"","_tribe_ticket_header":"","_tribe_default_ticket_provider":"","_tribe_ticket_capacity":"0","_ticket_start_date":"","_ticket_end_date":"","_tribe_ticket_show_description":"","_tribe_ticket_show_not_going":false,"_tribe_ticket_use_global_stock":"","_tribe_ticket_global_stock_level":"","_global_stock_mode":"","_global_stock_cap":"","_tribe_rsvp_for_event":"","_tribe_ticket_going_count":"","_tribe_ticket_not_going_count":"","_tribe_tickets_list":"[]","_tribe_ticket_has_attendee_info_fields":false,"jetpack_post_was_ever_published":false,"_jetpack_newsletter_access":"","_jetpack_dont_email_post_to_subs":false,"_jetpack_newsletter_tier_id":0,"_jetpack_memberships_contains_paywalled_content":false,"_jetpack_memberships_contains_paid_content":false,"footnotes":"","jetpack_publicize_message":"","jetpack_publicize_feature_enabled":true,"jetpack_social_post_already_shared":true,"jetpack_social_options":{"image_generator_settings":{"template":"highway","default_image_id":0,"font":"","enabled":false},"version":2}},"categories":[35],"tags":[],"class_list":["post-14748","post","type-post","status-publish","format-standard","has-post-thumbnail","hentry","category-noticies"],"jetpack_publicize_connections":[],"jetpack_featured_media_url":"https:\/\/mon.uvic.cat\/butlleti-recerca\/files\/2023\/01\/Captura_CSUC_23012023.jpg","jetpack_sharing_enabled":true,"jetpack_shortlink":"https:\/\/wp.me\/paCdMn-3PS","publishpress_future_action":{"enabled":false,"date":"2026-05-04 16:45:47","action":"change-status","newStatus":"trash","terms":[],"taxonomy":"category","extraData":[]},"publishpress_future_workflow_manual_trigger":{"enabledWorkflows":[]},"_links":{"self":[{"href":"https:\/\/mon.uvic.cat\/butlleti-recerca\/wp-json\/wp\/v2\/posts\/14748","targetHints":{"allow":["GET"]}}],"collection":[{"href":"https:\/\/mon.uvic.cat\/butlleti-recerca\/wp-json\/wp\/v2\/posts"}],"about":[{"href":"https:\/\/mon.uvic.cat\/butlleti-recerca\/wp-json\/wp\/v2\/types\/post"}],"author":[{"embeddable":true,"href":"https:\/\/mon.uvic.cat\/butlleti-recerca\/wp-json\/wp\/v2\/users\/430"}],"replies":[{"embeddable":true,"href":"https:\/\/mon.uvic.cat\/butlleti-recerca\/wp-json\/wp\/v2\/comments?post=14748"}],"version-history":[{"count":1,"href":"https:\/\/mon.uvic.cat\/butlleti-recerca\/wp-json\/wp\/v2\/posts\/14748\/revisions"}],"predecessor-version":[{"id":14750,"href":"https:\/\/mon.uvic.cat\/butlleti-recerca\/wp-json\/wp\/v2\/posts\/14748\/revisions\/14750"}],"wp:featuredmedia":[{"embeddable":true,"href":"https:\/\/mon.uvic.cat\/butlleti-recerca\/wp-json\/wp\/v2\/media\/14749"}],"wp:attachment":[{"href":"https:\/\/mon.uvic.cat\/butlleti-recerca\/wp-json\/wp\/v2\/media?parent=14748"}],"wp:term":[{"taxonomy":"category","embeddable":true,"href":"https:\/\/mon.uvic.cat\/butlleti-recerca\/wp-json\/wp\/v2\/categories?post=14748"},{"taxonomy":"post_tag","embeddable":true,"href":"https:\/\/mon.uvic.cat\/butlleti-recerca\/wp-json\/wp\/v2\/tags?post=14748"}],"curies":[{"name":"wp","href":"https:\/\/api.w.org\/{rel}","templated":true}]}}