{"id":13209,"date":"2022-09-26T19:10:32","date_gmt":"2022-09-26T17:10:32","guid":{"rendered":"https:\/\/mon.uvic.cat\/butlleti-recerca\/?p=13209"},"modified":"2022-10-03T16:39:23","modified_gmt":"2022-10-03T14:39:23","slug":"analisis-del-complejo-dichomeris-rasilella-herrich-schaffer-1854-y-descripcion-de-una-nueva-especie-para-espana-lepidoptera-gelechiidae","status":"publish","type":"post","link":"https:\/\/mon.uvic.cat\/butlleti-recerca\/2022\/09\/26\/analisis-del-complejo-dichomeris-rasilella-herrich-schaffer-1854-y-descripcion-de-una-nueva-especie-para-espana-lepidoptera-gelechiidae\/","title":{"rendered":"An\u00e1lisis del complejo Dichomeris rasilella (Herrich-Sch\u00e4ffer, 1854) y descripci\u00f3n de una nueva especie para Espa\u00f1a (Lepidoptera: Gelechiidae)"},"content":{"rendered":"<ul>\n<li>Gast\u00f3n, J., Maci\u00e0, R., Ylla, J., Bau, J. (2022). An\u00e1lisis del complejo Dichomeris rasilella (Herrich-Sch\u00e4ffer, 1854) y descripci\u00f3n de una nueva especie para Espa\u00f1a (Lepidoptera: Gelechiidae). <em>Shilap<\/em>, 50(198), 277-288. <a href=\"https:\/\/www.recercat.cat\/handle\/2072\/522678\" target=\"_blank\" rel=\"noopener\">https:\/\/www.recercat.cat\/handle\/2072\/522678<\/a><\/li>\n<\/ul>\n","protected":false},"excerpt":{"rendered":"<p>Gast\u00f3n, J., Maci\u00e0, R., Ylla, J., Bau, J. (2022). An\u00e1lisis del complejo Dichomeris rasilella (Herrich-Sch\u00e4ffer, 1854) y descripci\u00f3n de una &hellip; <a href=\"https:\/\/mon.uvic.cat\/butlleti-recerca\/2022\/09\/26\/analisis-del-complejo-dichomeris-rasilella-herrich-schaffer-1854-y-descripcion-de-una-nueva-especie-para-espana-lepidoptera-gelechiidae\/\">Read More<\/a><\/p>\n","protected":false},"author":430,"featured_media":0,"comment_status":"open","ping_status":"open","sticky":false,"template":"","format":"standard","meta":{"_price":"","_stock":"","_tribe_ticket_header":"","_tribe_default_ticket_provider":"","_tribe_ticket_capacity":"0","_ticket_start_date":"","_ticket_end_date":"","_tribe_ticket_show_description":"","_tribe_ticket_show_not_going":false,"_tribe_ticket_use_global_stock":"","_tribe_ticket_global_stock_level":"","_global_stock_mode":"","_global_stock_cap":"","_tribe_rsvp_for_event":"","_tribe_ticket_going_count":"","_tribe_ticket_not_going_count":"","_tribe_tickets_list":"[]","_tribe_ticket_has_attendee_info_fields":false,"jetpack_post_was_ever_published":false,"_jetpack_newsletter_access":"","_jetpack_dont_email_post_to_subs":false,"_jetpack_newsletter_tier_id":0,"_jetpack_memberships_contains_paywalled_content":false,"_jetpack_memberships_contains_paid_content":false,"footnotes":"","jetpack_publicize_message":"","jetpack_publicize_feature_enabled":true,"jetpack_social_post_already_shared":false,"jetpack_social_options":{"image_generator_settings":{"template":"highway","default_image_id":0,"font":"","enabled":false},"version":2}},"categories":[4],"tags":[],"class_list":["post-13209","post","type-post","status-publish","format-standard","hentry","category-publicacions"],"jetpack_publicize_connections":[],"jetpack_featured_media_url":"","jetpack_sharing_enabled":true,"jetpack_shortlink":"https:\/\/wp.me\/paCdMn-3r3","publishpress_future_action":{"enabled":false,"date":"2026-05-04 15:37:54","action":"change-status","newStatus":"trash","terms":[],"taxonomy":"category","extraData":[]},"publishpress_future_workflow_manual_trigger":{"enabledWorkflows":[]},"_links":{"self":[{"href":"https:\/\/mon.uvic.cat\/butlleti-recerca\/wp-json\/wp\/v2\/posts\/13209","targetHints":{"allow":["GET"]}}],"collection":[{"href":"https:\/\/mon.uvic.cat\/butlleti-recerca\/wp-json\/wp\/v2\/posts"}],"about":[{"href":"https:\/\/mon.uvic.cat\/butlleti-recerca\/wp-json\/wp\/v2\/types\/post"}],"author":[{"embeddable":true,"href":"https:\/\/mon.uvic.cat\/butlleti-recerca\/wp-json\/wp\/v2\/users\/430"}],"replies":[{"embeddable":true,"href":"https:\/\/mon.uvic.cat\/butlleti-recerca\/wp-json\/wp\/v2\/comments?post=13209"}],"version-history":[{"count":2,"href":"https:\/\/mon.uvic.cat\/butlleti-recerca\/wp-json\/wp\/v2\/posts\/13209\/revisions"}],"predecessor-version":[{"id":13215,"href":"https:\/\/mon.uvic.cat\/butlleti-recerca\/wp-json\/wp\/v2\/posts\/13209\/revisions\/13215"}],"wp:attachment":[{"href":"https:\/\/mon.uvic.cat\/butlleti-recerca\/wp-json\/wp\/v2\/media?parent=13209"}],"wp:term":[{"taxonomy":"category","embeddable":true,"href":"https:\/\/mon.uvic.cat\/butlleti-recerca\/wp-json\/wp\/v2\/categories?post=13209"},{"taxonomy":"post_tag","embeddable":true,"href":"https:\/\/mon.uvic.cat\/butlleti-recerca\/wp-json\/wp\/v2\/tags?post=13209"}],"curies":[{"name":"wp","href":"https:\/\/api.w.org\/{rel}","templated":true}]}}