{"id":13189,"date":"2022-09-26T19:10:32","date_gmt":"2022-09-26T17:10:32","guid":{"rendered":"https:\/\/mon.uvic.cat\/butlleti-recerca\/?p=13189"},"modified":"2022-10-03T16:39:23","modified_gmt":"2022-10-03T14:39:23","slug":"paisagem-linguistica-da-zona-velha-da-cidade-do-funchal-consideracoes-historicas-e-sociolinguisticas","status":"publish","type":"post","link":"https:\/\/mon.uvic.cat\/butlleti-recerca\/2022\/09\/26\/paisagem-linguistica-da-zona-velha-da-cidade-do-funchal-consideracoes-historicas-e-sociolinguisticas\/","title":{"rendered":"Paisagem lingu\u00edstica da \u201cZona Velha\u201d da cidade do Funchal: considera\u00e7\u00f5es hist\u00f3ricas e sociolingu\u00edsticas"},"content":{"rendered":"<ul>\n<li>Freitas Pereira, B. M. (2022). Paisagem lingu\u00edstica da \u201cZona Velha\u201d da cidade do Funchal: considera\u00e7\u00f5es hist\u00f3ricas e sociolingu\u00edsticas. <em>Diacr\u00edtica<\/em>, 36(1), 193-224. <a href=\"https:\/\/doi.org\/10.21814\/diacritica.693\" target=\"_blank\" rel=\"noopener\">https:\/\/doi.org\/10.21814\/diacritica.693<\/a><\/li>\n<\/ul>\n","protected":false},"excerpt":{"rendered":"<p>Freitas Pereira, B. M. (2022). Paisagem lingu\u00edstica da \u201cZona Velha\u201d da cidade do Funchal: considera\u00e7\u00f5es hist\u00f3ricas e sociolingu\u00edsticas. Diacr\u00edtica, 36(1), &hellip; <a href=\"https:\/\/mon.uvic.cat\/butlleti-recerca\/2022\/09\/26\/paisagem-linguistica-da-zona-velha-da-cidade-do-funchal-consideracoes-historicas-e-sociolinguisticas\/\">Read More<\/a><\/p>\n","protected":false},"author":430,"featured_media":0,"comment_status":"open","ping_status":"open","sticky":false,"template":"","format":"standard","meta":{"_price":"","_stock":"","_tribe_ticket_header":"","_tribe_default_ticket_provider":"","_tribe_ticket_capacity":"0","_ticket_start_date":"","_ticket_end_date":"","_tribe_ticket_show_description":"","_tribe_ticket_show_not_going":false,"_tribe_ticket_use_global_stock":"","_tribe_ticket_global_stock_level":"","_global_stock_mode":"","_global_stock_cap":"","_tribe_rsvp_for_event":"","_tribe_ticket_going_count":"","_tribe_ticket_not_going_count":"","_tribe_tickets_list":"[]","_tribe_ticket_has_attendee_info_fields":false,"jetpack_post_was_ever_published":false,"_jetpack_newsletter_access":"","_jetpack_dont_email_post_to_subs":false,"_jetpack_newsletter_tier_id":0,"_jetpack_memberships_contains_paywalled_content":false,"_jetpack_memberships_contains_paid_content":false,"footnotes":"","jetpack_publicize_message":"","jetpack_publicize_feature_enabled":true,"jetpack_social_post_already_shared":false,"jetpack_social_options":{"image_generator_settings":{"template":"highway","default_image_id":0,"font":"","enabled":false},"version":2}},"categories":[4],"tags":[],"class_list":["post-13189","post","type-post","status-publish","format-standard","hentry","category-publicacions"],"jetpack_publicize_connections":[],"jetpack_featured_media_url":"","jetpack_sharing_enabled":true,"jetpack_shortlink":"https:\/\/wp.me\/paCdMn-3qJ","publishpress_future_action":{"enabled":false,"date":"2026-05-04 17:10:57","action":"change-status","newStatus":"trash","terms":[],"taxonomy":"category","extraData":[]},"publishpress_future_workflow_manual_trigger":{"enabledWorkflows":[]},"_links":{"self":[{"href":"https:\/\/mon.uvic.cat\/butlleti-recerca\/wp-json\/wp\/v2\/posts\/13189","targetHints":{"allow":["GET"]}}],"collection":[{"href":"https:\/\/mon.uvic.cat\/butlleti-recerca\/wp-json\/wp\/v2\/posts"}],"about":[{"href":"https:\/\/mon.uvic.cat\/butlleti-recerca\/wp-json\/wp\/v2\/types\/post"}],"author":[{"embeddable":true,"href":"https:\/\/mon.uvic.cat\/butlleti-recerca\/wp-json\/wp\/v2\/users\/430"}],"replies":[{"embeddable":true,"href":"https:\/\/mon.uvic.cat\/butlleti-recerca\/wp-json\/wp\/v2\/comments?post=13189"}],"version-history":[{"count":1,"href":"https:\/\/mon.uvic.cat\/butlleti-recerca\/wp-json\/wp\/v2\/posts\/13189\/revisions"}],"predecessor-version":[{"id":13190,"href":"https:\/\/mon.uvic.cat\/butlleti-recerca\/wp-json\/wp\/v2\/posts\/13189\/revisions\/13190"}],"wp:attachment":[{"href":"https:\/\/mon.uvic.cat\/butlleti-recerca\/wp-json\/wp\/v2\/media?parent=13189"}],"wp:term":[{"taxonomy":"category","embeddable":true,"href":"https:\/\/mon.uvic.cat\/butlleti-recerca\/wp-json\/wp\/v2\/categories?post=13189"},{"taxonomy":"post_tag","embeddable":true,"href":"https:\/\/mon.uvic.cat\/butlleti-recerca\/wp-json\/wp\/v2\/tags?post=13189"}],"curies":[{"name":"wp","href":"https:\/\/api.w.org\/{rel}","templated":true}]}}