{"id":13138,"date":"2022-09-20T09:52:16","date_gmt":"2022-09-20T07:52:16","guid":{"rendered":"https:\/\/mon.uvic.cat\/butlleti-recerca\/?p=13138"},"modified":"2022-10-03T16:39:23","modified_gmt":"2022-10-03T14:39:23","slug":"author-correction-to-sars-cov-2-interaction-with-siglec-1-mediates-trans-infection-by-dendritic-cells","status":"publish","type":"post","link":"https:\/\/mon.uvic.cat\/butlleti-recerca\/2022\/09\/20\/author-correction-to-sars-cov-2-interaction-with-siglec-1-mediates-trans-infection-by-dendritic-cells\/","title":{"rendered":"Author correction to: SARS-CoV-2 interaction with siglec-1 mediates trans-infection by dendritic cells"},"content":{"rendered":"<ul>\n<li>Perez-Zsolt, D., Mu\u00f1oz-Basagoiti, J., Rodon, J., Elosua-Bayes, M., Ra\u00efch-Regu\u00e9, D., Risco, C., Noguera-Julian, M., Blanco, J., Clotet, B., Martinez-Picado, J., . . . Izquierdo-Useros, N. (2022). Author correction to: SARS-CoV-2 interaction with siglec-1 mediates trans-infection by dendritic cells (<em>cellular &amp; molecular immunology<\/em>, (2021), 18, 12, (2676-2678), 10.1038\/s41423-021-00794-6). <em>Cellular and Molecular Immunology<\/em>, 19(8), 965-966. <a href=\"https:\/\/doi.org\/10.1038\/s41423-022-00893-y\" target=\"_blank\" rel=\"noopener\">https:\/\/doi.org\/10.1038\/s41423-022-00893-y<\/a> (Correction)<\/li>\n<\/ul>\n","protected":false},"excerpt":{"rendered":"<p>Perez-Zsolt, D., Mu\u00f1oz-Basagoiti, J., Rodon, J., Elosua-Bayes, M., Ra\u00efch-Regu\u00e9, D., Risco, C., Noguera-Julian, M., Blanco, J., Clotet, B., Martinez-Picado, J., &hellip; <a href=\"https:\/\/mon.uvic.cat\/butlleti-recerca\/2022\/09\/20\/author-correction-to-sars-cov-2-interaction-with-siglec-1-mediates-trans-infection-by-dendritic-cells\/\">Read More<\/a><\/p>\n","protected":false},"author":430,"featured_media":0,"comment_status":"open","ping_status":"open","sticky":false,"template":"","format":"standard","meta":{"_price":"","_stock":"","_tribe_ticket_header":"","_tribe_default_ticket_provider":"","_tribe_ticket_capacity":"0","_ticket_start_date":"","_ticket_end_date":"","_tribe_ticket_show_description":"","_tribe_ticket_show_not_going":false,"_tribe_ticket_use_global_stock":"","_tribe_ticket_global_stock_level":"","_global_stock_mode":"","_global_stock_cap":"","_tribe_rsvp_for_event":"","_tribe_ticket_going_count":"","_tribe_ticket_not_going_count":"","_tribe_tickets_list":"[]","_tribe_ticket_has_attendee_info_fields":false,"jetpack_post_was_ever_published":false,"_jetpack_newsletter_access":"","_jetpack_dont_email_post_to_subs":false,"_jetpack_newsletter_tier_id":0,"_jetpack_memberships_contains_paywalled_content":false,"_jetpack_memberships_contains_paid_content":false,"footnotes":"","jetpack_publicize_message":"","jetpack_publicize_feature_enabled":true,"jetpack_social_post_already_shared":false,"jetpack_social_options":{"image_generator_settings":{"template":"highway","default_image_id":0,"font":"","enabled":false},"version":2}},"categories":[4],"tags":[],"class_list":["post-13138","post","type-post","status-publish","format-standard","hentry","category-publicacions"],"jetpack_publicize_connections":[],"jetpack_featured_media_url":"","jetpack_sharing_enabled":true,"jetpack_shortlink":"https:\/\/wp.me\/paCdMn-3pU","publishpress_future_action":{"enabled":false,"date":"2026-05-04 16:55:21","action":"change-status","newStatus":"trash","terms":[],"taxonomy":"category","extraData":[]},"publishpress_future_workflow_manual_trigger":{"enabledWorkflows":[]},"_links":{"self":[{"href":"https:\/\/mon.uvic.cat\/butlleti-recerca\/wp-json\/wp\/v2\/posts\/13138","targetHints":{"allow":["GET"]}}],"collection":[{"href":"https:\/\/mon.uvic.cat\/butlleti-recerca\/wp-json\/wp\/v2\/posts"}],"about":[{"href":"https:\/\/mon.uvic.cat\/butlleti-recerca\/wp-json\/wp\/v2\/types\/post"}],"author":[{"embeddable":true,"href":"https:\/\/mon.uvic.cat\/butlleti-recerca\/wp-json\/wp\/v2\/users\/430"}],"replies":[{"embeddable":true,"href":"https:\/\/mon.uvic.cat\/butlleti-recerca\/wp-json\/wp\/v2\/comments?post=13138"}],"version-history":[{"count":2,"href":"https:\/\/mon.uvic.cat\/butlleti-recerca\/wp-json\/wp\/v2\/posts\/13138\/revisions"}],"predecessor-version":[{"id":13172,"href":"https:\/\/mon.uvic.cat\/butlleti-recerca\/wp-json\/wp\/v2\/posts\/13138\/revisions\/13172"}],"wp:attachment":[{"href":"https:\/\/mon.uvic.cat\/butlleti-recerca\/wp-json\/wp\/v2\/media?parent=13138"}],"wp:term":[{"taxonomy":"category","embeddable":true,"href":"https:\/\/mon.uvic.cat\/butlleti-recerca\/wp-json\/wp\/v2\/categories?post=13138"},{"taxonomy":"post_tag","embeddable":true,"href":"https:\/\/mon.uvic.cat\/butlleti-recerca\/wp-json\/wp\/v2\/tags?post=13138"}],"curies":[{"name":"wp","href":"https:\/\/api.w.org\/{rel}","templated":true}]}}