{"id":12934,"date":"2022-09-05T10:51:38","date_gmt":"2022-09-05T08:51:38","guid":{"rendered":"https:\/\/mon.uvic.cat\/butlleti-recerca\/?p=12934"},"modified":"2022-09-05T10:51:38","modified_gmt":"2022-09-05T08:51:38","slug":"italia-aprova-el-seu-pla-nacional-de-ciencia-oberta","status":"publish","type":"post","link":"https:\/\/mon.uvic.cat\/butlleti-recerca\/2022\/09\/05\/italia-aprova-el-seu-pla-nacional-de-ciencia-oberta\/","title":{"rendered":"It\u00e0lia aprova el seu pla nacional de ci\u00e8ncia oberta"},"content":{"rendered":"<p>El pla itali\u00e0 de ci\u00e8ncia oberta deriva del &#8220;<a href=\"https:\/\/www.mur.gov.it\/sites\/default\/files\/2021-01\/Pnr2021-27.pdf\" target=\"_blank\" rel=\"noopener\">Programma nazionale per la ricerca 2021-2027<\/a>&#8220;, l&#8217;equivalent al\u00a0<a href=\"https:\/\/recercaiuniversitats.gencat.cat\/ca\/01_departament_recerca_i_universitats\/PNSC\/\" target=\"_blank\" rel=\"noopener\">Pacte Nacional per a la Societat del Coneixement<\/a>\u00a0(PN@SC). Es va aprovar el 15 de juny\u00a0per\u00a0<a href=\"https:\/\/www.mur.gov.it\/it\/atti-e-normativa\/decreto-ministeriale-n-268-del-28-02-2022\" target=\"_blank\" rel=\"noopener\">decret del Ministeri d&#8217;Universitats i Recerca<\/a>, i el programa s&#8217;ha fet en base al treball previ d&#8217;un grup d&#8217;experts de quatre\u00a0persones.<\/p>\n<p>El document del consisteix en una explicaci\u00f3 general sobre qu\u00e8\u00a0\u00e9s la ci\u00e8ncia oberta, aix\u00ed com inclou l&#8217;estructura i objectius de Pla, que es divideix en cinc eixos d&#8217;intervenci\u00f3:<\/p>\n<ul>\n<li>L&#8217;acc\u00e9s obert a publicacions cient\u00edfiques<\/li>\n<li>L&#8217;obertura de dades de recerca<\/li>\n<li>L&#8217;avaluaci\u00f3 de la recerca<\/li>\n<li>El foment de la ci\u00e8ncia oberta\u00a0i la participaci\u00f3 a l&#8217;EOSC<\/li>\n<li>L&#8217;obertura de dades per la COVID<\/li>\n<\/ul>\n<p>Per a cadascun dels cinc\u00a0eixos d&#8217;actuacions es presenten els objectius espec\u00edfics de l&#8217;eix, una breu visi\u00f3 general de la situaci\u00f3 existent, i recomanacions per als actors implicats dins aquest eix.<\/p>\n<p>El Pla Nacional de Ci\u00e8ncia Oberta t\u00e9 una durada de set anys i s&#8217;actualitzar\u00e0 peri\u00f2dicament amb la implicaci\u00f3 de les comunitats de recerca. El Ministeri d&#8217;Universitats i Recerca far\u00e0 el seguiment de l&#8217;execuci\u00f3 del Pla amb dispositius espec\u00edfics dissenyats per controlar la coher\u00e8ncia de les iniciatives proposades per la comunitat amb els objectius del Pla.<\/p>\n<p><strong>Font<\/strong>: <a href=\"https:\/\/www.csuc.cat\/ca\/noticia\/italia-aprova-el-seu-pla-nacional-de-ciencia-oberta\" target=\"_blank\" rel=\"noopener\">CSUC<\/a>, 05\/09\/2022<\/p>\n","protected":false},"excerpt":{"rendered":"<p>El pla itali\u00e0 de ci\u00e8ncia oberta deriva del &#8220;Programma nazionale per la ricerca 2021-2027&#8220;, l&#8217;equivalent al\u00a0Pacte Nacional per a la &hellip; <a href=\"https:\/\/mon.uvic.cat\/butlleti-recerca\/2022\/09\/05\/italia-aprova-el-seu-pla-nacional-de-ciencia-oberta\/\">Read More<\/a><\/p>\n","protected":false},"author":430,"featured_media":12935,"comment_status":"open","ping_status":"open","sticky":false,"template":"","format":"standard","meta":{"_price":"","_stock":"","_tribe_ticket_header":"","_tribe_default_ticket_provider":"","_tribe_ticket_capacity":"0","_ticket_start_date":"","_ticket_end_date":"","_tribe_ticket_show_description":"","_tribe_ticket_show_not_going":false,"_tribe_ticket_use_global_stock":"","_tribe_ticket_global_stock_level":"","_global_stock_mode":"","_global_stock_cap":"","_tribe_rsvp_for_event":"","_tribe_ticket_going_count":"","_tribe_ticket_not_going_count":"","_tribe_tickets_list":"[]","_tribe_ticket_has_attendee_info_fields":false,"jetpack_post_was_ever_published":false,"_jetpack_newsletter_access":"","_jetpack_dont_email_post_to_subs":false,"_jetpack_newsletter_tier_id":0,"_jetpack_memberships_contains_paywalled_content":false,"_jetpack_memberships_contains_paid_content":false,"footnotes":"","jetpack_publicize_message":"","jetpack_publicize_feature_enabled":true,"jetpack_social_post_already_shared":true,"jetpack_social_options":{"image_generator_settings":{"template":"highway","default_image_id":0,"font":"","enabled":false},"version":2}},"categories":[35],"tags":[],"class_list":["post-12934","post","type-post","status-publish","format-standard","has-post-thumbnail","hentry","category-noticies"],"jetpack_publicize_connections":[],"jetpack_featured_media_url":"https:\/\/mon.uvic.cat\/butlleti-recerca\/files\/2022\/09\/Captura_CSUC_05092022-ITalia-bona.jpg","jetpack_sharing_enabled":true,"jetpack_shortlink":"https:\/\/wp.me\/paCdMn-3mC","publishpress_future_action":{"enabled":false,"date":"2026-05-04 18:21:13","action":"change-status","newStatus":"trash","terms":[],"taxonomy":"category","extraData":[]},"publishpress_future_workflow_manual_trigger":{"enabledWorkflows":[]},"_links":{"self":[{"href":"https:\/\/mon.uvic.cat\/butlleti-recerca\/wp-json\/wp\/v2\/posts\/12934","targetHints":{"allow":["GET"]}}],"collection":[{"href":"https:\/\/mon.uvic.cat\/butlleti-recerca\/wp-json\/wp\/v2\/posts"}],"about":[{"href":"https:\/\/mon.uvic.cat\/butlleti-recerca\/wp-json\/wp\/v2\/types\/post"}],"author":[{"embeddable":true,"href":"https:\/\/mon.uvic.cat\/butlleti-recerca\/wp-json\/wp\/v2\/users\/430"}],"replies":[{"embeddable":true,"href":"https:\/\/mon.uvic.cat\/butlleti-recerca\/wp-json\/wp\/v2\/comments?post=12934"}],"version-history":[{"count":1,"href":"https:\/\/mon.uvic.cat\/butlleti-recerca\/wp-json\/wp\/v2\/posts\/12934\/revisions"}],"predecessor-version":[{"id":12936,"href":"https:\/\/mon.uvic.cat\/butlleti-recerca\/wp-json\/wp\/v2\/posts\/12934\/revisions\/12936"}],"wp:featuredmedia":[{"embeddable":true,"href":"https:\/\/mon.uvic.cat\/butlleti-recerca\/wp-json\/wp\/v2\/media\/12935"}],"wp:attachment":[{"href":"https:\/\/mon.uvic.cat\/butlleti-recerca\/wp-json\/wp\/v2\/media?parent=12934"}],"wp:term":[{"taxonomy":"category","embeddable":true,"href":"https:\/\/mon.uvic.cat\/butlleti-recerca\/wp-json\/wp\/v2\/categories?post=12934"},{"taxonomy":"post_tag","embeddable":true,"href":"https:\/\/mon.uvic.cat\/butlleti-recerca\/wp-json\/wp\/v2\/tags?post=12934"}],"curies":[{"name":"wp","href":"https:\/\/api.w.org\/{rel}","templated":true}]}}