{"id":12930,"date":"2022-09-05T10:31:13","date_gmt":"2022-09-05T08:31:13","guid":{"rendered":"https:\/\/mon.uvic.cat\/butlleti-recerca\/?p=12930"},"modified":"2023-10-02T15:42:21","modified_gmt":"2023-10-02T13:42:21","slug":"un-cop-de-timo-per-canviar-lavaluacio-cientifica","status":"publish","type":"post","link":"https:\/\/mon.uvic.cat\/butlleti-recerca\/2022\/09\/05\/un-cop-de-timo-per-canviar-lavaluacio-cientifica\/","title":{"rendered":"Un cop de tim\u00f3 per canviar l\u2019avaluaci\u00f3 cient\u00edfica"},"content":{"rendered":"<p>\u00c1ngel M. Delgado-V\u00e1zquez, cap del Servei de Suport a l&#8217;Aprenentatge i la Investigaci\u00f3 a la Bilbioteca\/CRAI de la\u00a0<a href=\"https:\/\/www.upo.es\/portal\/impe\/web\/portada\/index.html\" target=\"_blank\" rel=\"noopener\">Universidad Pablo de Olavide<\/a>\u00a0(Sevilla), ha publicat a finals de juny una\u00a0<a href=\"https:\/\/www.ub.edu\/blokdebid\/ca\/content\/un-cop-de-timo-canviar-lavaluacio-cientifica\" target=\"_blank\" rel=\"noopener\">ressenya al Blok de BiD<\/a>\u00a0sobre el document\u00a0<a href=\"https:\/\/data.europa.eu\/doi\/10.2777\/707440\" target=\"_blank\" rel=\"noopener\"><em>Towards a reform of the research assessment system<\/em><\/a>, en qu\u00e8 resumeix els punts clau d&#8217;aquest text publicat per la Comissi\u00f3 Europea a trav\u00e9s de la Direcci\u00f3 General per a la Recerca i la Innovaci\u00f3.<\/p>\n<p>L&#8217;objectiu del document, com repassa Delgado, \u00e9s impulsar l&#8217;acceleraci\u00f3 dels canvis que s&#8217;estan produint en el sistema d&#8217;avaluaci\u00f3 cient\u00edfica, i comptar amb un marc com\u00fa per homogene\u00eftzar la manera com s&#8217;avalua la ci\u00e8ncia, al mateix temps que encoratja a abandonar\u00a0algunes pr\u00e0ctiques actuals que estan al punt de mira per les seves limitacions i biaixos.<\/p>\n<p>El document de la Comissi\u00f3, fruit de les consultes dutes a terme amb diferents agents\u00a0durant el 2021, parteix de recon\u00e8ixer els canvis profunds que les maneres de producci\u00f3, disseminaci\u00f3 i consum de la recerca, a causa sobretot de la digitalitzaci\u00f3 i l&#8217;adopci\u00f3 de pr\u00e0ctiques de ci\u00e8ncia oberta, no estan trobant ress\u00f2 en la manera en qu\u00e8 l&#8217;esfor\u00e7 d&#8217;institucions, grups, projectes i investigadors est\u00e0 sent mesurat i recompensat. Literalment, torna sobre una asserci\u00f3 que, havent-se manifestat en nombroses ocasions, no ha aconseguit evidenciar-se en la suficient mesura en les organitzacions, ag\u00e8ncies, institucions i, fins i tot, en els individus mateixos sobre els quals recau la tasca d&#8217;avaluar.<\/p>\n<p>Consulta i llegeix la ressenya sencera al\u00a0<a href=\"https:\/\/www.ub.edu\/blokdebid\/ca\/content\/un-cop-de-timo-canviar-lavaluacio-cientifica\" target=\"_blank\" rel=\"noopener\">Blok de BiD<\/a>!<\/p>\n<p>&nbsp;<\/p>\n<p><strong>Font<\/strong>: <a href=\"https:\/\/www.csuc.cat\/ca\/noticia\/un-cop-de-timo-canviar-lavaluacio-cientifica\" target=\"_blank\" rel=\"noopener\">CSUC<\/a>, 05\/09\/2022<\/p>\n","protected":false},"excerpt":{"rendered":"<p>\u00c1ngel M. Delgado-V\u00e1zquez, cap del Servei de Suport a l&#8217;Aprenentatge i la Investigaci\u00f3 a la Bilbioteca\/CRAI de la\u00a0Universidad Pablo de &hellip; <a href=\"https:\/\/mon.uvic.cat\/butlleti-recerca\/2022\/09\/05\/un-cop-de-timo-per-canviar-lavaluacio-cientifica\/\">Read More<\/a><\/p>\n","protected":false},"author":430,"featured_media":12937,"comment_status":"open","ping_status":"open","sticky":false,"template":"","format":"standard","meta":{"_price":"","_stock":"","_tribe_ticket_header":"","_tribe_default_ticket_provider":"","_tribe_ticket_capacity":"0","_ticket_start_date":"","_ticket_end_date":"","_tribe_ticket_show_description":"","_tribe_ticket_show_not_going":false,"_tribe_ticket_use_global_stock":"","_tribe_ticket_global_stock_level":"","_global_stock_mode":"","_global_stock_cap":"","_tribe_rsvp_for_event":"","_tribe_ticket_going_count":"","_tribe_ticket_not_going_count":"","_tribe_tickets_list":"[]","_tribe_ticket_has_attendee_info_fields":false,"jetpack_post_was_ever_published":false,"_jetpack_newsletter_access":"","_jetpack_dont_email_post_to_subs":false,"_jetpack_newsletter_tier_id":0,"_jetpack_memberships_contains_paywalled_content":false,"_jetpack_memberships_contains_paid_content":false,"footnotes":"","jetpack_publicize_message":"","jetpack_publicize_feature_enabled":true,"jetpack_social_post_already_shared":true,"jetpack_social_options":{"image_generator_settings":{"template":"highway","default_image_id":0,"font":"","enabled":false},"version":2}},"categories":[35],"tags":[],"class_list":["post-12930","post","type-post","status-publish","format-standard","has-post-thumbnail","hentry","category-noticies"],"jetpack_publicize_connections":[],"jetpack_featured_media_url":"https:\/\/mon.uvic.cat\/butlleti-recerca\/files\/2022\/09\/Noticia-_CSUC_05092022_Cop-de-timo.png","jetpack_sharing_enabled":true,"jetpack_shortlink":"https:\/\/wp.me\/paCdMn-3my","publishpress_future_action":{"enabled":false,"date":"2026-05-04 16:53:54","action":"change-status","newStatus":"trash","terms":[],"taxonomy":"category","extraData":[]},"publishpress_future_workflow_manual_trigger":{"enabledWorkflows":[]},"_links":{"self":[{"href":"https:\/\/mon.uvic.cat\/butlleti-recerca\/wp-json\/wp\/v2\/posts\/12930","targetHints":{"allow":["GET"]}}],"collection":[{"href":"https:\/\/mon.uvic.cat\/butlleti-recerca\/wp-json\/wp\/v2\/posts"}],"about":[{"href":"https:\/\/mon.uvic.cat\/butlleti-recerca\/wp-json\/wp\/v2\/types\/post"}],"author":[{"embeddable":true,"href":"https:\/\/mon.uvic.cat\/butlleti-recerca\/wp-json\/wp\/v2\/users\/430"}],"replies":[{"embeddable":true,"href":"https:\/\/mon.uvic.cat\/butlleti-recerca\/wp-json\/wp\/v2\/comments?post=12930"}],"version-history":[{"count":1,"href":"https:\/\/mon.uvic.cat\/butlleti-recerca\/wp-json\/wp\/v2\/posts\/12930\/revisions"}],"predecessor-version":[{"id":12931,"href":"https:\/\/mon.uvic.cat\/butlleti-recerca\/wp-json\/wp\/v2\/posts\/12930\/revisions\/12931"}],"wp:featuredmedia":[{"embeddable":true,"href":"https:\/\/mon.uvic.cat\/butlleti-recerca\/wp-json\/wp\/v2\/media\/12937"}],"wp:attachment":[{"href":"https:\/\/mon.uvic.cat\/butlleti-recerca\/wp-json\/wp\/v2\/media?parent=12930"}],"wp:term":[{"taxonomy":"category","embeddable":true,"href":"https:\/\/mon.uvic.cat\/butlleti-recerca\/wp-json\/wp\/v2\/categories?post=12930"},{"taxonomy":"post_tag","embeddable":true,"href":"https:\/\/mon.uvic.cat\/butlleti-recerca\/wp-json\/wp\/v2\/tags?post=12930"}],"curies":[{"name":"wp","href":"https:\/\/api.w.org\/{rel}","templated":true}]}}