{"id":12872,"date":"2022-09-05T16:36:15","date_gmt":"2022-09-05T14:36:15","guid":{"rendered":"https:\/\/mon.uvic.cat\/butlleti-recerca\/?p=12872"},"modified":"2022-09-05T16:36:15","modified_gmt":"2022-09-05T14:36:15","slug":"covid-19-i-pdi-impactes-amb-perspectiva-de-genere","status":"publish","type":"post","link":"https:\/\/mon.uvic.cat\/butlleti-recerca\/2022\/09\/05\/covid-19-i-pdi-impactes-amb-perspectiva-de-genere\/","title":{"rendered":"Covid-19 i PDI: Impactes amb perspectiva de g\u00e8nere"},"content":{"rendered":"<ul>\n<li>Riba, C., Ros\u00e0s, M., Godayol, P., Pag\u00e8s, A., P\u00e9rez-Quintana, A., Sanmart\u00ed, C., . . . Pag\u00e8s, B. (2021). Covid-19 i PDI: Impactes amb perspectiva de g\u00e8nere. <em>Ars Brevis <\/em>(27), 184-206. <a href=\"http:\/\/www.raco.cat\/index.php\/ArsBrevis\/article\/view\/400607\" target=\"_blank\" rel=\"noopener\">http:\/\/www.raco.cat\/index.php\/ArsBrevis\/article\/view\/400607<\/a><\/li>\n<\/ul>\n<p>&nbsp;<\/p>\n<p>&nbsp;<\/p>\n","protected":false},"excerpt":{"rendered":"<p>Riba, C., Ros\u00e0s, M., Godayol, P., Pag\u00e8s, A., P\u00e9rez-Quintana, A., Sanmart\u00ed, C., . . . Pag\u00e8s, B. (2021). Covid-19 i &hellip; <a href=\"https:\/\/mon.uvic.cat\/butlleti-recerca\/2022\/09\/05\/covid-19-i-pdi-impactes-amb-perspectiva-de-genere\/\">Read More<\/a><\/p>\n","protected":false},"author":430,"featured_media":0,"comment_status":"open","ping_status":"open","sticky":false,"template":"","format":"standard","meta":{"_price":"","_stock":"","_tribe_ticket_header":"","_tribe_default_ticket_provider":"","_tribe_ticket_capacity":"0","_ticket_start_date":"","_ticket_end_date":"","_tribe_ticket_show_description":"","_tribe_ticket_show_not_going":false,"_tribe_ticket_use_global_stock":"","_tribe_ticket_global_stock_level":"","_global_stock_mode":"","_global_stock_cap":"","_tribe_rsvp_for_event":"","_tribe_ticket_going_count":"","_tribe_ticket_not_going_count":"","_tribe_tickets_list":"[]","_tribe_ticket_has_attendee_info_fields":false,"jetpack_post_was_ever_published":false,"_jetpack_newsletter_access":"","_jetpack_dont_email_post_to_subs":false,"_jetpack_newsletter_tier_id":0,"_jetpack_memberships_contains_paywalled_content":false,"_jetpack_memberships_contains_paid_content":false,"footnotes":"","jetpack_publicize_message":"","jetpack_publicize_feature_enabled":true,"jetpack_social_post_already_shared":false,"jetpack_social_options":{"image_generator_settings":{"template":"highway","default_image_id":0,"font":"","enabled":false},"version":2}},"categories":[4],"tags":[],"class_list":["post-12872","post","type-post","status-publish","format-standard","hentry","category-publicacions"],"jetpack_publicize_connections":[],"jetpack_featured_media_url":"","jetpack_sharing_enabled":true,"jetpack_shortlink":"https:\/\/wp.me\/paCdMn-3lC","publishpress_future_action":{"enabled":false,"date":"2026-05-04 18:28:48","action":"change-status","newStatus":"trash","terms":[],"taxonomy":"category","extraData":[]},"publishpress_future_workflow_manual_trigger":{"enabledWorkflows":[]},"_links":{"self":[{"href":"https:\/\/mon.uvic.cat\/butlleti-recerca\/wp-json\/wp\/v2\/posts\/12872","targetHints":{"allow":["GET"]}}],"collection":[{"href":"https:\/\/mon.uvic.cat\/butlleti-recerca\/wp-json\/wp\/v2\/posts"}],"about":[{"href":"https:\/\/mon.uvic.cat\/butlleti-recerca\/wp-json\/wp\/v2\/types\/post"}],"author":[{"embeddable":true,"href":"https:\/\/mon.uvic.cat\/butlleti-recerca\/wp-json\/wp\/v2\/users\/430"}],"replies":[{"embeddable":true,"href":"https:\/\/mon.uvic.cat\/butlleti-recerca\/wp-json\/wp\/v2\/comments?post=12872"}],"version-history":[{"count":4,"href":"https:\/\/mon.uvic.cat\/butlleti-recerca\/wp-json\/wp\/v2\/posts\/12872\/revisions"}],"predecessor-version":[{"id":12926,"href":"https:\/\/mon.uvic.cat\/butlleti-recerca\/wp-json\/wp\/v2\/posts\/12872\/revisions\/12926"}],"wp:attachment":[{"href":"https:\/\/mon.uvic.cat\/butlleti-recerca\/wp-json\/wp\/v2\/media?parent=12872"}],"wp:term":[{"taxonomy":"category","embeddable":true,"href":"https:\/\/mon.uvic.cat\/butlleti-recerca\/wp-json\/wp\/v2\/categories?post=12872"},{"taxonomy":"post_tag","embeddable":true,"href":"https:\/\/mon.uvic.cat\/butlleti-recerca\/wp-json\/wp\/v2\/tags?post=12872"}],"curies":[{"name":"wp","href":"https:\/\/api.w.org\/{rel}","templated":true}]}}