{"id":12864,"date":"2022-09-05T16:36:15","date_gmt":"2022-09-05T14:36:15","guid":{"rendered":"https:\/\/mon.uvic.cat\/butlleti-recerca\/?p=12864"},"modified":"2022-09-05T16:36:15","modified_gmt":"2022-09-05T14:36:15","slug":"mental-well-being-during-the-covid-19-confinement-among-adolescents-in-catalonia-the-role-of-demographic-and-other-covid-related-variables","status":"publish","type":"post","link":"https:\/\/mon.uvic.cat\/butlleti-recerca\/2022\/09\/05\/mental-well-being-during-the-covid-19-confinement-among-adolescents-in-catalonia-the-role-of-demographic-and-other-covid-related-variables\/","title":{"rendered":"Mental Well-Being during the COVID-19 Confinement among Adolescents in Catalonia: The Role of Demographic and Other COVID-Related Variables"},"content":{"rendered":"<ul>\n<li>Folch, C., Gonz\u00e1lez-Casals, H., Colom, J., Bosque-Prous, M., Bar\u00f3n-Garcia, T., \u00c1lvarez-Vargas, A., . . . Espelt, A. (2022). Mental Well-Being during the COVID-19 Confinement among Adolescents in Catalonia: The Role of Demographic and Other COVID-Related Variables. <em>Children-Basel<\/em>, 9(6), Article 783. <a href=\"https:\/\/doi.org\/10.3390\/children9060783\" target=\"_blank\" rel=\"noopener\">https:\/\/doi.org\/10.3390\/children9060783<\/a><\/li>\n<\/ul>\n","protected":false},"excerpt":{"rendered":"<p>Folch, C., Gonz\u00e1lez-Casals, H., Colom, J., Bosque-Prous, M., Bar\u00f3n-Garcia, T., \u00c1lvarez-Vargas, A., . . . Espelt, A. (2022). Mental Well-Being &hellip; <a href=\"https:\/\/mon.uvic.cat\/butlleti-recerca\/2022\/09\/05\/mental-well-being-during-the-covid-19-confinement-among-adolescents-in-catalonia-the-role-of-demographic-and-other-covid-related-variables\/\">Read More<\/a><\/p>\n","protected":false},"author":430,"featured_media":0,"comment_status":"open","ping_status":"open","sticky":false,"template":"","format":"standard","meta":{"_price":"","_stock":"","_tribe_ticket_header":"","_tribe_default_ticket_provider":"","_tribe_ticket_capacity":"0","_ticket_start_date":"","_ticket_end_date":"","_tribe_ticket_show_description":"","_tribe_ticket_show_not_going":false,"_tribe_ticket_use_global_stock":"","_tribe_ticket_global_stock_level":"","_global_stock_mode":"","_global_stock_cap":"","_tribe_rsvp_for_event":"","_tribe_ticket_going_count":"","_tribe_ticket_not_going_count":"","_tribe_tickets_list":"[]","_tribe_ticket_has_attendee_info_fields":false,"jetpack_post_was_ever_published":false,"_jetpack_newsletter_access":"","_jetpack_dont_email_post_to_subs":false,"_jetpack_newsletter_tier_id":0,"_jetpack_memberships_contains_paywalled_content":false,"_jetpack_memberships_contains_paid_content":false,"footnotes":"","jetpack_publicize_message":"","jetpack_publicize_feature_enabled":true,"jetpack_social_post_already_shared":false,"jetpack_social_options":{"image_generator_settings":{"template":"highway","default_image_id":0,"font":"","enabled":false},"version":2}},"categories":[4],"tags":[],"class_list":["post-12864","post","type-post","status-publish","format-standard","hentry","category-publicacions"],"jetpack_publicize_connections":[],"jetpack_featured_media_url":"","jetpack_sharing_enabled":true,"jetpack_shortlink":"https:\/\/wp.me\/paCdMn-3lu","publishpress_future_action":{"enabled":false,"date":"2026-05-04 17:10:20","action":"change-status","newStatus":"trash","terms":[],"taxonomy":"category","extraData":[]},"publishpress_future_workflow_manual_trigger":{"enabledWorkflows":[]},"_links":{"self":[{"href":"https:\/\/mon.uvic.cat\/butlleti-recerca\/wp-json\/wp\/v2\/posts\/12864","targetHints":{"allow":["GET"]}}],"collection":[{"href":"https:\/\/mon.uvic.cat\/butlleti-recerca\/wp-json\/wp\/v2\/posts"}],"about":[{"href":"https:\/\/mon.uvic.cat\/butlleti-recerca\/wp-json\/wp\/v2\/types\/post"}],"author":[{"embeddable":true,"href":"https:\/\/mon.uvic.cat\/butlleti-recerca\/wp-json\/wp\/v2\/users\/430"}],"replies":[{"embeddable":true,"href":"https:\/\/mon.uvic.cat\/butlleti-recerca\/wp-json\/wp\/v2\/comments?post=12864"}],"version-history":[{"count":1,"href":"https:\/\/mon.uvic.cat\/butlleti-recerca\/wp-json\/wp\/v2\/posts\/12864\/revisions"}],"predecessor-version":[{"id":12865,"href":"https:\/\/mon.uvic.cat\/butlleti-recerca\/wp-json\/wp\/v2\/posts\/12864\/revisions\/12865"}],"wp:attachment":[{"href":"https:\/\/mon.uvic.cat\/butlleti-recerca\/wp-json\/wp\/v2\/media?parent=12864"}],"wp:term":[{"taxonomy":"category","embeddable":true,"href":"https:\/\/mon.uvic.cat\/butlleti-recerca\/wp-json\/wp\/v2\/categories?post=12864"},{"taxonomy":"post_tag","embeddable":true,"href":"https:\/\/mon.uvic.cat\/butlleti-recerca\/wp-json\/wp\/v2\/tags?post=12864"}],"curies":[{"name":"wp","href":"https:\/\/api.w.org\/{rel}","templated":true}]}}