{"id":12278,"date":"2022-06-27T17:50:33","date_gmt":"2022-06-27T15:50:33","guid":{"rendered":"https:\/\/mon.uvic.cat\/butlleti-recerca\/?p=12278"},"modified":"2022-06-27T17:50:33","modified_gmt":"2022-06-27T15:50:33","slug":"efecto-de-la-presion-espiratoria-positiva-en-el-manejo-de-los-traumatismos-toracicos-ensayo-clinico-aleatorizado","status":"publish","type":"post","link":"https:\/\/mon.uvic.cat\/butlleti-recerca\/2022\/06\/27\/efecto-de-la-presion-espiratoria-positiva-en-el-manejo-de-los-traumatismos-toracicos-ensayo-clinico-aleatorizado\/","title":{"rendered":"Efecto de la presi\u00f3n espiratoria positiva en el manejo de los traumatismos tor\u00e1cicos. Ensayo cl\u00ednico aleatorizado"},"content":{"rendered":"<ul>\n<li>Castillo S\u00e1nchez, I., T\u00e1rrega Camarasa, J., Fern\u00e1ndez Rozas, P., &amp; Barbeta S\u00e1nchez, E. (2022). Efecto de la presi\u00f3n espiratoria positiva en el manejo de los traumatismos tor\u00e1cicos. Ensayo cl\u00ednico aleatorizado. <em>Fisioterapia<\/em>. <a href=\"https:\/\/doi.org\/10.1016\/j.ft.2022.03.006\" target=\"_blank\" rel=\"noopener\">https:\/\/doi.org\/10.1016\/j.ft.2022.03.006 <\/a>(En premsa)<\/li>\n<\/ul>\n","protected":false},"excerpt":{"rendered":"<p>Castillo S\u00e1nchez, I., T\u00e1rrega Camarasa, J., Fern\u00e1ndez Rozas, P., &amp; Barbeta S\u00e1nchez, E. (2022). Efecto de la presi\u00f3n espiratoria positiva &hellip; <a href=\"https:\/\/mon.uvic.cat\/butlleti-recerca\/2022\/06\/27\/efecto-de-la-presion-espiratoria-positiva-en-el-manejo-de-los-traumatismos-toracicos-ensayo-clinico-aleatorizado\/\">Read More<\/a><\/p>\n","protected":false},"author":430,"featured_media":0,"comment_status":"open","ping_status":"open","sticky":false,"template":"","format":"standard","meta":{"_price":"","_stock":"","_tribe_ticket_header":"","_tribe_default_ticket_provider":"","_tribe_ticket_capacity":"0","_ticket_start_date":"","_ticket_end_date":"","_tribe_ticket_show_description":"","_tribe_ticket_show_not_going":false,"_tribe_ticket_use_global_stock":"","_tribe_ticket_global_stock_level":"","_global_stock_mode":"","_global_stock_cap":"","_tribe_rsvp_for_event":"","_tribe_ticket_going_count":"","_tribe_ticket_not_going_count":"","_tribe_tickets_list":"[]","_tribe_ticket_has_attendee_info_fields":false,"jetpack_post_was_ever_published":false,"_jetpack_newsletter_access":"","_jetpack_dont_email_post_to_subs":false,"_jetpack_newsletter_tier_id":0,"_jetpack_memberships_contains_paywalled_content":false,"_jetpack_memberships_contains_paid_content":false,"footnotes":"","jetpack_publicize_message":"","jetpack_publicize_feature_enabled":true,"jetpack_social_post_already_shared":false,"jetpack_social_options":{"image_generator_settings":{"template":"highway","default_image_id":0,"font":"","enabled":false},"version":2}},"categories":[4],"tags":[],"class_list":["post-12278","post","type-post","status-publish","format-standard","hentry","category-publicacions"],"jetpack_publicize_connections":[],"jetpack_featured_media_url":"","jetpack_sharing_enabled":true,"jetpack_shortlink":"https:\/\/wp.me\/paCdMn-3c2","publishpress_future_action":{"enabled":false,"date":"2026-05-04 15:17:41","action":"change-status","newStatus":"trash","terms":[],"taxonomy":"category","extraData":[]},"publishpress_future_workflow_manual_trigger":{"enabledWorkflows":[]},"_links":{"self":[{"href":"https:\/\/mon.uvic.cat\/butlleti-recerca\/wp-json\/wp\/v2\/posts\/12278","targetHints":{"allow":["GET"]}}],"collection":[{"href":"https:\/\/mon.uvic.cat\/butlleti-recerca\/wp-json\/wp\/v2\/posts"}],"about":[{"href":"https:\/\/mon.uvic.cat\/butlleti-recerca\/wp-json\/wp\/v2\/types\/post"}],"author":[{"embeddable":true,"href":"https:\/\/mon.uvic.cat\/butlleti-recerca\/wp-json\/wp\/v2\/users\/430"}],"replies":[{"embeddable":true,"href":"https:\/\/mon.uvic.cat\/butlleti-recerca\/wp-json\/wp\/v2\/comments?post=12278"}],"version-history":[{"count":2,"href":"https:\/\/mon.uvic.cat\/butlleti-recerca\/wp-json\/wp\/v2\/posts\/12278\/revisions"}],"predecessor-version":[{"id":12281,"href":"https:\/\/mon.uvic.cat\/butlleti-recerca\/wp-json\/wp\/v2\/posts\/12278\/revisions\/12281"}],"wp:attachment":[{"href":"https:\/\/mon.uvic.cat\/butlleti-recerca\/wp-json\/wp\/v2\/media?parent=12278"}],"wp:term":[{"taxonomy":"category","embeddable":true,"href":"https:\/\/mon.uvic.cat\/butlleti-recerca\/wp-json\/wp\/v2\/categories?post=12278"},{"taxonomy":"post_tag","embeddable":true,"href":"https:\/\/mon.uvic.cat\/butlleti-recerca\/wp-json\/wp\/v2\/tags?post=12278"}],"curies":[{"name":"wp","href":"https:\/\/api.w.org\/{rel}","templated":true}]}}