{"id":12266,"date":"2022-06-20T16:10:36","date_gmt":"2022-06-20T14:10:36","guid":{"rendered":"https:\/\/mon.uvic.cat\/butlleti-recerca\/?p=12266"},"modified":"2022-06-20T16:10:36","modified_gmt":"2022-06-20T14:10:36","slug":"post-mortem-toxicology-analysis-in-a-young-sudden-cardiac-death-cohort","status":"publish","type":"post","link":"https:\/\/mon.uvic.cat\/butlleti-recerca\/2022\/06\/20\/post-mortem-toxicology-analysis-in-a-young-sudden-cardiac-death-cohort\/","title":{"rendered":"Post-mortem toxicology analysis in a young sudden cardiac death cohort"},"content":{"rendered":"<ul>\n<li>Coll, M., Fern\u00e0ndez-Falgueras, A., Tiron, C., Iglesias, A., Bux\u00f3, M., Sim\u00f3n, A., Nogu\u00e9-Navarro, L., . . . Brugada, R. (2022). Post-mortem toxicology analysis in a young sudden cardiac death cohort. <em>Forensic Science International: Genetics<\/em>, 59. <a href=\"https:\/\/doi.org\/10.1016\/j.fsigen.2022.102723\" target=\"_blank\" rel=\"noopener\">https:\/\/doi.org\/10.1016\/j.fsigen.2022.102723<\/a><\/li>\n<\/ul>\n","protected":false},"excerpt":{"rendered":"<p>Coll, M., Fern\u00e0ndez-Falgueras, A., Tiron, C., Iglesias, A., Bux\u00f3, M., Sim\u00f3n, A., Nogu\u00e9-Navarro, L., . . . Brugada, R. (2022). &hellip; <a href=\"https:\/\/mon.uvic.cat\/butlleti-recerca\/2022\/06\/20\/post-mortem-toxicology-analysis-in-a-young-sudden-cardiac-death-cohort\/\">Read More<\/a><\/p>\n","protected":false},"author":430,"featured_media":0,"comment_status":"open","ping_status":"open","sticky":false,"template":"","format":"standard","meta":{"_price":"","_stock":"","_tribe_ticket_header":"","_tribe_default_ticket_provider":"","_tribe_ticket_capacity":"0","_ticket_start_date":"","_ticket_end_date":"","_tribe_ticket_show_description":"","_tribe_ticket_show_not_going":false,"_tribe_ticket_use_global_stock":"","_tribe_ticket_global_stock_level":"","_global_stock_mode":"","_global_stock_cap":"","_tribe_rsvp_for_event":"","_tribe_ticket_going_count":"","_tribe_ticket_not_going_count":"","_tribe_tickets_list":"[]","_tribe_ticket_has_attendee_info_fields":false,"jetpack_post_was_ever_published":false,"_jetpack_newsletter_access":"","_jetpack_dont_email_post_to_subs":false,"_jetpack_newsletter_tier_id":0,"_jetpack_memberships_contains_paywalled_content":false,"_jetpack_memberships_contains_paid_content":false,"footnotes":"","jetpack_publicize_message":"","jetpack_publicize_feature_enabled":true,"jetpack_social_post_already_shared":true,"jetpack_social_options":{"image_generator_settings":{"template":"highway","default_image_id":0,"font":"","enabled":false},"version":2}},"categories":[4],"tags":[],"class_list":["post-12266","post","type-post","status-publish","format-standard","hentry","category-publicacions"],"jetpack_publicize_connections":[],"jetpack_featured_media_url":"","jetpack_sharing_enabled":true,"jetpack_shortlink":"https:\/\/wp.me\/paCdMn-3bQ","publishpress_future_action":{"enabled":false,"date":"2026-05-04 21:09:09","action":"change-status","newStatus":"trash","terms":[],"taxonomy":"category","extraData":[]},"publishpress_future_workflow_manual_trigger":{"enabledWorkflows":[]},"_links":{"self":[{"href":"https:\/\/mon.uvic.cat\/butlleti-recerca\/wp-json\/wp\/v2\/posts\/12266","targetHints":{"allow":["GET"]}}],"collection":[{"href":"https:\/\/mon.uvic.cat\/butlleti-recerca\/wp-json\/wp\/v2\/posts"}],"about":[{"href":"https:\/\/mon.uvic.cat\/butlleti-recerca\/wp-json\/wp\/v2\/types\/post"}],"author":[{"embeddable":true,"href":"https:\/\/mon.uvic.cat\/butlleti-recerca\/wp-json\/wp\/v2\/users\/430"}],"replies":[{"embeddable":true,"href":"https:\/\/mon.uvic.cat\/butlleti-recerca\/wp-json\/wp\/v2\/comments?post=12266"}],"version-history":[{"count":1,"href":"https:\/\/mon.uvic.cat\/butlleti-recerca\/wp-json\/wp\/v2\/posts\/12266\/revisions"}],"predecessor-version":[{"id":12267,"href":"https:\/\/mon.uvic.cat\/butlleti-recerca\/wp-json\/wp\/v2\/posts\/12266\/revisions\/12267"}],"wp:attachment":[{"href":"https:\/\/mon.uvic.cat\/butlleti-recerca\/wp-json\/wp\/v2\/media?parent=12266"}],"wp:term":[{"taxonomy":"category","embeddable":true,"href":"https:\/\/mon.uvic.cat\/butlleti-recerca\/wp-json\/wp\/v2\/categories?post=12266"},{"taxonomy":"post_tag","embeddable":true,"href":"https:\/\/mon.uvic.cat\/butlleti-recerca\/wp-json\/wp\/v2\/tags?post=12266"}],"curies":[{"name":"wp","href":"https:\/\/api.w.org\/{rel}","templated":true}]}}