{"id":11778,"date":"2022-05-30T19:17:15","date_gmt":"2022-05-30T17:17:15","guid":{"rendered":"https:\/\/mon.uvic.cat\/butlleti-recerca\/?p=11778"},"modified":"2022-05-30T19:17:15","modified_gmt":"2022-05-30T17:17:15","slug":"validation-of-a-dual-task-exercise-program-to-improve-balance-and-gait-speed-in-older-people-dualpro-a-delphi-study","status":"publish","type":"post","link":"https:\/\/mon.uvic.cat\/butlleti-recerca\/2022\/05\/30\/validation-of-a-dual-task-exercise-program-to-improve-balance-and-gait-speed-in-older-people-dualpro-a-delphi-study\/","title":{"rendered":"Validation of a dual-task exercise program to improve balance and gait speed in older people (DualPro): A delphi study"},"content":{"rendered":"<ul>\n<li>Varela-V\u00e1squez, L. A., Girabent-Farr\u00e9s, M., Medina-Rinc\u00f3n, A., Rierola-Fochs, S., Jerez-Roig, J., &amp; Minobes-Molina, E. (2022). Validation of a dual-task exercise program to improve balance and gait speed in older people (DualPro): A delphi study. <em>PeerJ<\/em>, 10. <a href=\"https:\/\/doi.org\/10.7717\/peerj.13204\" target=\"_blank\" rel=\"noopener\">https:\/\/doi.org\/10.7717\/peerj.13204<\/a><\/li>\n<\/ul>\n","protected":false},"excerpt":{"rendered":"<p>Varela-V\u00e1squez, L. A., Girabent-Farr\u00e9s, M., Medina-Rinc\u00f3n, A., Rierola-Fochs, S., Jerez-Roig, J., &amp; Minobes-Molina, E. (2022). Validation of a dual-task exercise &hellip; <a href=\"https:\/\/mon.uvic.cat\/butlleti-recerca\/2022\/05\/30\/validation-of-a-dual-task-exercise-program-to-improve-balance-and-gait-speed-in-older-people-dualpro-a-delphi-study\/\">Read More<\/a><\/p>\n","protected":false},"author":430,"featured_media":0,"comment_status":"open","ping_status":"open","sticky":false,"template":"","format":"standard","meta":{"_price":"","_stock":"","_tribe_ticket_header":"","_tribe_default_ticket_provider":"","_tribe_ticket_capacity":"0","_ticket_start_date":"","_ticket_end_date":"","_tribe_ticket_show_description":"","_tribe_ticket_show_not_going":false,"_tribe_ticket_use_global_stock":"","_tribe_ticket_global_stock_level":"","_global_stock_mode":"","_global_stock_cap":"","_tribe_rsvp_for_event":"","_tribe_ticket_going_count":"","_tribe_ticket_not_going_count":"","_tribe_tickets_list":"[]","_tribe_ticket_has_attendee_info_fields":false,"jetpack_post_was_ever_published":false,"_jetpack_newsletter_access":"","_jetpack_dont_email_post_to_subs":false,"_jetpack_newsletter_tier_id":0,"_jetpack_memberships_contains_paywalled_content":false,"_jetpack_memberships_contains_paid_content":false,"footnotes":"","jetpack_publicize_message":"","jetpack_publicize_feature_enabled":true,"jetpack_social_post_already_shared":false,"jetpack_social_options":{"image_generator_settings":{"template":"highway","default_image_id":0,"font":"","enabled":false},"version":2}},"categories":[4],"tags":[],"class_list":["post-11778","post","type-post","status-publish","format-standard","hentry","category-publicacions"],"jetpack_publicize_connections":[],"jetpack_featured_media_url":"","jetpack_sharing_enabled":true,"jetpack_shortlink":"https:\/\/wp.me\/paCdMn-33Y","publishpress_future_action":{"enabled":false,"date":"2026-05-05 12:53:44","action":"change-status","newStatus":"trash","terms":[],"taxonomy":"category","extraData":[]},"publishpress_future_workflow_manual_trigger":{"enabledWorkflows":[]},"_links":{"self":[{"href":"https:\/\/mon.uvic.cat\/butlleti-recerca\/wp-json\/wp\/v2\/posts\/11778","targetHints":{"allow":["GET"]}}],"collection":[{"href":"https:\/\/mon.uvic.cat\/butlleti-recerca\/wp-json\/wp\/v2\/posts"}],"about":[{"href":"https:\/\/mon.uvic.cat\/butlleti-recerca\/wp-json\/wp\/v2\/types\/post"}],"author":[{"embeddable":true,"href":"https:\/\/mon.uvic.cat\/butlleti-recerca\/wp-json\/wp\/v2\/users\/430"}],"replies":[{"embeddable":true,"href":"https:\/\/mon.uvic.cat\/butlleti-recerca\/wp-json\/wp\/v2\/comments?post=11778"}],"version-history":[{"count":1,"href":"https:\/\/mon.uvic.cat\/butlleti-recerca\/wp-json\/wp\/v2\/posts\/11778\/revisions"}],"predecessor-version":[{"id":11779,"href":"https:\/\/mon.uvic.cat\/butlleti-recerca\/wp-json\/wp\/v2\/posts\/11778\/revisions\/11779"}],"wp:attachment":[{"href":"https:\/\/mon.uvic.cat\/butlleti-recerca\/wp-json\/wp\/v2\/media?parent=11778"}],"wp:term":[{"taxonomy":"category","embeddable":true,"href":"https:\/\/mon.uvic.cat\/butlleti-recerca\/wp-json\/wp\/v2\/categories?post=11778"},{"taxonomy":"post_tag","embeddable":true,"href":"https:\/\/mon.uvic.cat\/butlleti-recerca\/wp-json\/wp\/v2\/tags?post=11778"}],"curies":[{"name":"wp","href":"https:\/\/api.w.org\/{rel}","templated":true}]}}