{"id":10851,"date":"2022-03-21T16:49:42","date_gmt":"2022-03-21T14:49:42","guid":{"rendered":"https:\/\/mon.uvic.cat\/butlleti-recerca\/?p=10851"},"modified":"2022-04-04T17:05:27","modified_gmt":"2022-04-04T15:05:27","slug":"resting-heart-rate-cardiovascular-events-and-all-cause-mortality-the-regicor-study","status":"publish","type":"post","link":"https:\/\/mon.uvic.cat\/butlleti-recerca\/2022\/03\/21\/resting-heart-rate-cardiovascular-events-and-all-cause-mortality-the-regicor-study\/","title":{"rendered":"Resting heart rate, cardiovascular events, and all-cause mortality: the REGICOR study"},"content":{"rendered":"<ul>\n<li>Puig, E., Clar\u00e0, A., P\u00e9rez, S., Roman Degano, I., Subirana, I., Garc\u00eda-Garc\u00eda, C., . . . Elosua, R. (2022). Resting heart rate, cardiovascular events, and all-cause mortality: the REGICOR study. <em>European Journal of Preventive Cardiology<\/em>. <a href=\"https:\/\/doi.org\/10.1093\/eurjpc\/zwab148\" target=\"_blank\" rel=\"noopener\">https:\/\/doi.org\/10.1093\/eurjpc\/zwab148<\/a> (Letter)<\/li>\n<\/ul>\n<p><span class=\"al-author-name-more js-flyout-wrap\">\u00a0<\/span><\/p>\n","protected":false},"excerpt":{"rendered":"<p>Puig, E., Clar\u00e0, A., P\u00e9rez, S., Roman Degano, I., Subirana, I., Garc\u00eda-Garc\u00eda, C., . . . Elosua, R. (2022). Resting &hellip; <a href=\"https:\/\/mon.uvic.cat\/butlleti-recerca\/2022\/03\/21\/resting-heart-rate-cardiovascular-events-and-all-cause-mortality-the-regicor-study\/\">Read More<\/a><\/p>\n","protected":false},"author":430,"featured_media":0,"comment_status":"open","ping_status":"open","sticky":false,"template":"","format":"standard","meta":{"_price":"","_stock":"","_tribe_ticket_header":"","_tribe_default_ticket_provider":"","_tribe_ticket_capacity":"0","_ticket_start_date":"","_ticket_end_date":"","_tribe_ticket_show_description":"","_tribe_ticket_show_not_going":false,"_tribe_ticket_use_global_stock":"","_tribe_ticket_global_stock_level":"","_global_stock_mode":"","_global_stock_cap":"","_tribe_rsvp_for_event":"","_tribe_ticket_going_count":"","_tribe_ticket_not_going_count":"","_tribe_tickets_list":"[]","_tribe_ticket_has_attendee_info_fields":false,"jetpack_post_was_ever_published":false,"_jetpack_newsletter_access":"","_jetpack_dont_email_post_to_subs":false,"_jetpack_newsletter_tier_id":0,"_jetpack_memberships_contains_paywalled_content":false,"_jetpack_memberships_contains_paid_content":false,"footnotes":"","jetpack_publicize_message":"","jetpack_publicize_feature_enabled":true,"jetpack_social_post_already_shared":true,"jetpack_social_options":{"image_generator_settings":{"template":"highway","default_image_id":0,"font":"","enabled":false},"version":2}},"categories":[4],"tags":[],"class_list":["post-10851","post","type-post","status-publish","format-standard","hentry","category-publicacions"],"jetpack_publicize_connections":[],"jetpack_featured_media_url":"","jetpack_sharing_enabled":true,"jetpack_shortlink":"https:\/\/wp.me\/paCdMn-2P1","publishpress_future_action":{"enabled":false,"date":"2026-05-04 16:56:28","action":"change-status","newStatus":"trash","terms":[],"taxonomy":"category","extraData":[]},"publishpress_future_workflow_manual_trigger":{"enabledWorkflows":[]},"_links":{"self":[{"href":"https:\/\/mon.uvic.cat\/butlleti-recerca\/wp-json\/wp\/v2\/posts\/10851","targetHints":{"allow":["GET"]}}],"collection":[{"href":"https:\/\/mon.uvic.cat\/butlleti-recerca\/wp-json\/wp\/v2\/posts"}],"about":[{"href":"https:\/\/mon.uvic.cat\/butlleti-recerca\/wp-json\/wp\/v2\/types\/post"}],"author":[{"embeddable":true,"href":"https:\/\/mon.uvic.cat\/butlleti-recerca\/wp-json\/wp\/v2\/users\/430"}],"replies":[{"embeddable":true,"href":"https:\/\/mon.uvic.cat\/butlleti-recerca\/wp-json\/wp\/v2\/comments?post=10851"}],"version-history":[{"count":2,"href":"https:\/\/mon.uvic.cat\/butlleti-recerca\/wp-json\/wp\/v2\/posts\/10851\/revisions"}],"predecessor-version":[{"id":10853,"href":"https:\/\/mon.uvic.cat\/butlleti-recerca\/wp-json\/wp\/v2\/posts\/10851\/revisions\/10853"}],"wp:attachment":[{"href":"https:\/\/mon.uvic.cat\/butlleti-recerca\/wp-json\/wp\/v2\/media?parent=10851"}],"wp:term":[{"taxonomy":"category","embeddable":true,"href":"https:\/\/mon.uvic.cat\/butlleti-recerca\/wp-json\/wp\/v2\/categories?post=10851"},{"taxonomy":"post_tag","embeddable":true,"href":"https:\/\/mon.uvic.cat\/butlleti-recerca\/wp-json\/wp\/v2\/tags?post=10851"}],"curies":[{"name":"wp","href":"https:\/\/api.w.org\/{rel}","templated":true}]}}