{"id":10706,"date":"2022-03-14T19:34:10","date_gmt":"2022-03-14T17:34:10","guid":{"rendered":"https:\/\/mon.uvic.cat\/butlleti-recerca\/?p=10706"},"modified":"2022-04-04T17:05:27","modified_gmt":"2022-04-04T15:05:27","slug":"antigeno-carbohidrato-125-ca125-como-marcador-pronostico-en-ancianos-con-insuficiencia-cardiaca-aguda-y-fraccion-de-eyeccion-preservada","status":"publish","type":"post","link":"https:\/\/mon.uvic.cat\/butlleti-recerca\/2022\/03\/14\/antigeno-carbohidrato-125-ca125-como-marcador-pronostico-en-ancianos-con-insuficiencia-cardiaca-aguda-y-fraccion-de-eyeccion-preservada\/","title":{"rendered":"Ant\u00edgeno carbohidrato 125 (CA125) como marcador pron\u00f3stico en ancianos con insuficiencia cardiaca aguda y fracci\u00f3n de eyecci\u00f3n preservada"},"content":{"rendered":"<ul>\n<li>Ll\u00e0cer, P., N\u00fa\u00f1ez, J., Manzano, L., Cepeda Rodrigo, J. M., Salamanca Bautista, P., Guzm\u00e1n Garc\u00eda, M., Trull\u00e0s Vila, J. C., . . . en representaci\u00f3n de los investigadores del registro RICA. (2021).\u00a0 Ant\u00edgeno carbohidrato 125 (CA125) como marcador pron\u00f3stico en ancianos con insuficiencia cardiaca aguda y fracci\u00f3n de eyecci\u00f3n preservada. <em>Medicina Cl\u00ednica<\/em>. <a href=\"https:\/\/doi.org\/10.1016\/j.medcli.2021.09.032\" target=\"_blank\" rel=\"noopener\">https:\/\/doi.org\/10.1016\/j.medcli.2021.09.032<\/a> (En premsa)<\/li>\n<\/ul>\n","protected":false},"excerpt":{"rendered":"<p>Ll\u00e0cer, P., N\u00fa\u00f1ez, J., Manzano, L., Cepeda Rodrigo, J. M., Salamanca Bautista, P., Guzm\u00e1n Garc\u00eda, M., Trull\u00e0s Vila, J. C., &hellip; <a href=\"https:\/\/mon.uvic.cat\/butlleti-recerca\/2022\/03\/14\/antigeno-carbohidrato-125-ca125-como-marcador-pronostico-en-ancianos-con-insuficiencia-cardiaca-aguda-y-fraccion-de-eyeccion-preservada\/\">Read More<\/a><\/p>\n","protected":false},"author":430,"featured_media":0,"comment_status":"open","ping_status":"open","sticky":false,"template":"","format":"standard","meta":{"_price":"","_stock":"","_tribe_ticket_header":"","_tribe_default_ticket_provider":"","_tribe_ticket_capacity":"0","_ticket_start_date":"","_ticket_end_date":"","_tribe_ticket_show_description":"","_tribe_ticket_show_not_going":false,"_tribe_ticket_use_global_stock":"","_tribe_ticket_global_stock_level":"","_global_stock_mode":"","_global_stock_cap":"","_tribe_rsvp_for_event":"","_tribe_ticket_going_count":"","_tribe_ticket_not_going_count":"","_tribe_tickets_list":"[]","_tribe_ticket_has_attendee_info_fields":false,"jetpack_post_was_ever_published":false,"_jetpack_newsletter_access":"","_jetpack_dont_email_post_to_subs":false,"_jetpack_newsletter_tier_id":0,"_jetpack_memberships_contains_paywalled_content":false,"_jetpack_memberships_contains_paid_content":false,"footnotes":"","jetpack_publicize_message":"","jetpack_publicize_feature_enabled":true,"jetpack_social_post_already_shared":true,"jetpack_social_options":{"image_generator_settings":{"template":"highway","default_image_id":0,"font":"","enabled":false},"version":2}},"categories":[4],"tags":[],"class_list":["post-10706","post","type-post","status-publish","format-standard","hentry","category-publicacions"],"jetpack_publicize_connections":[],"jetpack_featured_media_url":"","jetpack_sharing_enabled":true,"jetpack_shortlink":"https:\/\/wp.me\/paCdMn-2MG","publishpress_future_action":{"enabled":false,"date":"2026-05-04 18:22:34","action":"change-status","newStatus":"trash","terms":[],"taxonomy":"category","extraData":[]},"publishpress_future_workflow_manual_trigger":{"enabledWorkflows":[]},"_links":{"self":[{"href":"https:\/\/mon.uvic.cat\/butlleti-recerca\/wp-json\/wp\/v2\/posts\/10706","targetHints":{"allow":["GET"]}}],"collection":[{"href":"https:\/\/mon.uvic.cat\/butlleti-recerca\/wp-json\/wp\/v2\/posts"}],"about":[{"href":"https:\/\/mon.uvic.cat\/butlleti-recerca\/wp-json\/wp\/v2\/types\/post"}],"author":[{"embeddable":true,"href":"https:\/\/mon.uvic.cat\/butlleti-recerca\/wp-json\/wp\/v2\/users\/430"}],"replies":[{"embeddable":true,"href":"https:\/\/mon.uvic.cat\/butlleti-recerca\/wp-json\/wp\/v2\/comments?post=10706"}],"version-history":[{"count":2,"href":"https:\/\/mon.uvic.cat\/butlleti-recerca\/wp-json\/wp\/v2\/posts\/10706\/revisions"}],"predecessor-version":[{"id":10743,"href":"https:\/\/mon.uvic.cat\/butlleti-recerca\/wp-json\/wp\/v2\/posts\/10706\/revisions\/10743"}],"wp:attachment":[{"href":"https:\/\/mon.uvic.cat\/butlleti-recerca\/wp-json\/wp\/v2\/media?parent=10706"}],"wp:term":[{"taxonomy":"category","embeddable":true,"href":"https:\/\/mon.uvic.cat\/butlleti-recerca\/wp-json\/wp\/v2\/categories?post=10706"},{"taxonomy":"post_tag","embeddable":true,"href":"https:\/\/mon.uvic.cat\/butlleti-recerca\/wp-json\/wp\/v2\/tags?post=10706"}],"curies":[{"name":"wp","href":"https:\/\/api.w.org\/{rel}","templated":true}]}}