{"id":10704,"date":"2022-03-14T19:34:10","date_gmt":"2022-03-14T17:34:10","guid":{"rendered":"https:\/\/mon.uvic.cat\/butlleti-recerca\/?p=10704"},"modified":"2022-04-04T17:05:27","modified_gmt":"2022-04-04T15:05:27","slug":"prevalencia-e-impacto-en-el-pronostico-del-bloqueo-de-rama-derecha-en-pacientes-con-insuficiencia-cardiaca-aguda-hallazgos-del-registro-rica","status":"publish","type":"post","link":"https:\/\/mon.uvic.cat\/butlleti-recerca\/2022\/03\/14\/prevalencia-e-impacto-en-el-pronostico-del-bloqueo-de-rama-derecha-en-pacientes-con-insuficiencia-cardiaca-aguda-hallazgos-del-registro-rica\/","title":{"rendered":"Prevalencia e impacto en el pron\u00f3stico del bloqueo de rama derecha en pacientes con insuficiencia cardiaca aguda: hallazgos del registro RICA"},"content":{"rendered":"<ul>\n<li>Trull\u00e0s, J. C., Aguil\u00f3, O., Mir\u00f2, \u00d3., D\u00edez-Manglano, J., Carrera-Izquierdo, M., Quesada-Sim\u00f3n, M. A., . . . en representaci\u00f3n de los investigadores del registro RICA. (2022). Prevalencia e impacto en el pron\u00f3stico del bloqueo de rama derecha en pacientes con insuficiencia cardiaca aguda: hallazgos del registro RICA. <em>Revista Cl\u00ednica Espa\u00f1ola<\/em>. <a href=\"https:\/\/doi.org\/10.1016\/j.rce.2021.10.001\" target=\"_blank\" rel=\"noopener\">https:\/\/doi.org\/10.1016\/j.rce.2021.10.001<\/a> (En premsa)<\/li>\n<\/ul>\n","protected":false},"excerpt":{"rendered":"<p>Trull\u00e0s, J. C., Aguil\u00f3, O., Mir\u00f2, \u00d3., D\u00edez-Manglano, J., Carrera-Izquierdo, M., Quesada-Sim\u00f3n, M. A., . . . en representaci\u00f3n de &hellip; <a href=\"https:\/\/mon.uvic.cat\/butlleti-recerca\/2022\/03\/14\/prevalencia-e-impacto-en-el-pronostico-del-bloqueo-de-rama-derecha-en-pacientes-con-insuficiencia-cardiaca-aguda-hallazgos-del-registro-rica\/\">Read More<\/a><\/p>\n","protected":false},"author":430,"featured_media":0,"comment_status":"open","ping_status":"open","sticky":false,"template":"","format":"standard","meta":{"_price":"","_stock":"","_tribe_ticket_header":"","_tribe_default_ticket_provider":"","_tribe_ticket_capacity":"0","_ticket_start_date":"","_ticket_end_date":"","_tribe_ticket_show_description":"","_tribe_ticket_show_not_going":false,"_tribe_ticket_use_global_stock":"","_tribe_ticket_global_stock_level":"","_global_stock_mode":"","_global_stock_cap":"","_tribe_rsvp_for_event":"","_tribe_ticket_going_count":"","_tribe_ticket_not_going_count":"","_tribe_tickets_list":"[]","_tribe_ticket_has_attendee_info_fields":false,"jetpack_post_was_ever_published":false,"_jetpack_newsletter_access":"","_jetpack_dont_email_post_to_subs":false,"_jetpack_newsletter_tier_id":0,"_jetpack_memberships_contains_paywalled_content":false,"_jetpack_memberships_contains_paid_content":false,"footnotes":"","jetpack_publicize_message":"","jetpack_publicize_feature_enabled":true,"jetpack_social_post_already_shared":true,"jetpack_social_options":{"image_generator_settings":{"template":"highway","default_image_id":0,"font":"","enabled":false},"version":2}},"categories":[4],"tags":[],"class_list":["post-10704","post","type-post","status-publish","format-standard","hentry","category-publicacions"],"jetpack_publicize_connections":[],"jetpack_featured_media_url":"","jetpack_sharing_enabled":true,"jetpack_shortlink":"https:\/\/wp.me\/paCdMn-2ME","publishpress_future_action":{"enabled":false,"date":"2026-05-04 18:22:50","action":"change-status","newStatus":"trash","terms":[],"taxonomy":"category","extraData":[]},"publishpress_future_workflow_manual_trigger":{"enabledWorkflows":[]},"_links":{"self":[{"href":"https:\/\/mon.uvic.cat\/butlleti-recerca\/wp-json\/wp\/v2\/posts\/10704","targetHints":{"allow":["GET"]}}],"collection":[{"href":"https:\/\/mon.uvic.cat\/butlleti-recerca\/wp-json\/wp\/v2\/posts"}],"about":[{"href":"https:\/\/mon.uvic.cat\/butlleti-recerca\/wp-json\/wp\/v2\/types\/post"}],"author":[{"embeddable":true,"href":"https:\/\/mon.uvic.cat\/butlleti-recerca\/wp-json\/wp\/v2\/users\/430"}],"replies":[{"embeddable":true,"href":"https:\/\/mon.uvic.cat\/butlleti-recerca\/wp-json\/wp\/v2\/comments?post=10704"}],"version-history":[{"count":2,"href":"https:\/\/mon.uvic.cat\/butlleti-recerca\/wp-json\/wp\/v2\/posts\/10704\/revisions"}],"predecessor-version":[{"id":10742,"href":"https:\/\/mon.uvic.cat\/butlleti-recerca\/wp-json\/wp\/v2\/posts\/10704\/revisions\/10742"}],"wp:attachment":[{"href":"https:\/\/mon.uvic.cat\/butlleti-recerca\/wp-json\/wp\/v2\/media?parent=10704"}],"wp:term":[{"taxonomy":"category","embeddable":true,"href":"https:\/\/mon.uvic.cat\/butlleti-recerca\/wp-json\/wp\/v2\/categories?post=10704"},{"taxonomy":"post_tag","embeddable":true,"href":"https:\/\/mon.uvic.cat\/butlleti-recerca\/wp-json\/wp\/v2\/tags?post=10704"}],"curies":[{"name":"wp","href":"https:\/\/api.w.org\/{rel}","templated":true}]}}