{"id":10034,"date":"2022-01-31T17:23:59","date_gmt":"2022-01-31T15:23:59","guid":{"rendered":"https:\/\/mon.uvic.cat\/butlleti-recerca\/?p=10034"},"modified":"2022-01-31T17:23:59","modified_gmt":"2022-01-31T15:23:59","slug":"new-mutations-in-hfe2-and-tfr2-genes-causing-non-hfe-related-hereditary-hemochromatosis","status":"publish","type":"post","link":"https:\/\/mon.uvic.cat\/butlleti-recerca\/2022\/01\/31\/new-mutations-in-hfe2-and-tfr2-genes-causing-non-hfe-related-hereditary-hemochromatosis\/","title":{"rendered":"New mutations in hfe2 and tfr2 genes causing non hfe-related hereditary hemochromatosis"},"content":{"rendered":"<ul>\n<li>Hern\u00e1ndez, G., Ferrer-Cort\u00e8s, X., Venturi, V., Musri, M., Floor-Pilquil, M., Torres, P. M. M., Vill\u00e0-Freixa, J., . . . S\u00e1nchez, M. (2021). New mutations in hfe2 and tfr2 genes causing non hfe-related hereditary hemochromatosis. <em>Genes<\/em>, 12(12). <a href=\"https:\/\/doi.org\/10.3390\/genes12121980\" target=\"_blank\" rel=\"noopener\">https:\/\/doi.org\/10.3390\/genes12121980<\/a><\/li>\n<\/ul>\n","protected":false},"excerpt":{"rendered":"<p>Hern\u00e1ndez, G., Ferrer-Cort\u00e8s, X., Venturi, V., Musri, M., Floor-Pilquil, M., Torres, P. M. M., Vill\u00e0-Freixa, J., . . . S\u00e1nchez, &hellip; <a href=\"https:\/\/mon.uvic.cat\/butlleti-recerca\/2022\/01\/31\/new-mutations-in-hfe2-and-tfr2-genes-causing-non-hfe-related-hereditary-hemochromatosis\/\">Read More<\/a><\/p>\n","protected":false},"author":430,"featured_media":0,"comment_status":"open","ping_status":"open","sticky":false,"template":"","format":"standard","meta":{"_price":"","_stock":"","_tribe_ticket_header":"","_tribe_default_ticket_provider":"","_tribe_ticket_capacity":"0","_ticket_start_date":"","_ticket_end_date":"","_tribe_ticket_show_description":"","_tribe_ticket_show_not_going":false,"_tribe_ticket_use_global_stock":"","_tribe_ticket_global_stock_level":"","_global_stock_mode":"","_global_stock_cap":"","_tribe_rsvp_for_event":"","_tribe_ticket_going_count":"","_tribe_ticket_not_going_count":"","_tribe_tickets_list":"[]","_tribe_ticket_has_attendee_info_fields":false,"jetpack_post_was_ever_published":false,"_jetpack_newsletter_access":"","_jetpack_dont_email_post_to_subs":false,"_jetpack_newsletter_tier_id":0,"_jetpack_memberships_contains_paywalled_content":false,"_jetpack_memberships_contains_paid_content":false,"footnotes":"","jetpack_publicize_message":"","jetpack_publicize_feature_enabled":true,"jetpack_social_post_already_shared":true,"jetpack_social_options":{"image_generator_settings":{"template":"highway","default_image_id":0,"font":"","enabled":false},"version":2}},"categories":[4],"tags":[],"class_list":["post-10034","post","type-post","status-publish","format-standard","hentry","category-publicacions"],"jetpack_publicize_connections":[],"jetpack_featured_media_url":"","jetpack_sharing_enabled":true,"jetpack_shortlink":"https:\/\/wp.me\/paCdMn-2BQ","publishpress_future_action":{"enabled":false,"date":"2026-05-04 15:16:08","action":"change-status","newStatus":"trash","terms":[],"taxonomy":"category","extraData":[]},"publishpress_future_workflow_manual_trigger":{"enabledWorkflows":[]},"_links":{"self":[{"href":"https:\/\/mon.uvic.cat\/butlleti-recerca\/wp-json\/wp\/v2\/posts\/10034","targetHints":{"allow":["GET"]}}],"collection":[{"href":"https:\/\/mon.uvic.cat\/butlleti-recerca\/wp-json\/wp\/v2\/posts"}],"about":[{"href":"https:\/\/mon.uvic.cat\/butlleti-recerca\/wp-json\/wp\/v2\/types\/post"}],"author":[{"embeddable":true,"href":"https:\/\/mon.uvic.cat\/butlleti-recerca\/wp-json\/wp\/v2\/users\/430"}],"replies":[{"embeddable":true,"href":"https:\/\/mon.uvic.cat\/butlleti-recerca\/wp-json\/wp\/v2\/comments?post=10034"}],"version-history":[{"count":1,"href":"https:\/\/mon.uvic.cat\/butlleti-recerca\/wp-json\/wp\/v2\/posts\/10034\/revisions"}],"predecessor-version":[{"id":10035,"href":"https:\/\/mon.uvic.cat\/butlleti-recerca\/wp-json\/wp\/v2\/posts\/10034\/revisions\/10035"}],"wp:attachment":[{"href":"https:\/\/mon.uvic.cat\/butlleti-recerca\/wp-json\/wp\/v2\/media?parent=10034"}],"wp:term":[{"taxonomy":"category","embeddable":true,"href":"https:\/\/mon.uvic.cat\/butlleti-recerca\/wp-json\/wp\/v2\/categories?post=10034"},{"taxonomy":"post_tag","embeddable":true,"href":"https:\/\/mon.uvic.cat\/butlleti-recerca\/wp-json\/wp\/v2\/tags?post=10034"}],"curies":[{"name":"wp","href":"https:\/\/api.w.org\/{rel}","templated":true}]}}